{"id":9603,"date":"2023-05-22T14:54:21","date_gmt":"2023-05-22T13:54:21","guid":{"rendered":"https:\/\/dikcg.me\/wpold\/?p=9603"},"modified":"2023-05-23T11:10:52","modified_gmt":"2023-05-23T10:10:52","slug":"rjesenja-o-utvrdivanju-i-proglasenju-izbornih-lista","status":"publish","type":"post","link":"https:\/\/dikcg.me\/wpold\/rjesenja-o-utvrdivanju-i-proglasenju-izbornih-lista\/","title":{"rendered":"Rje\u0161enja o utvr\u0111ivanju i progla\u0161enju izbornih lista"},"content":{"rendered":"<p><!--more--><\/p>\n<p><a href=\"https:\/\/dikcg.me\/wpold\/wp-content\/uploads\/2023\/05\/Rjesenje-Narodna-koalicija.pdf\">Rje\u0161enje o utvr\u0111ivanju i progla\u0161enju izborne liste \u201eNARODNA KOALICIJA \u2013 SLO\u017dNO I TA\u010cKA\u201c, broj: 642\/9 od 21.05.2023. godine<\/a><\/p>\n<p><a href=\"https:\/\/dikcg.me\/wpold\/wp-content\/uploads\/2023\/05\/Zakljucak-Narodna-koalicija.pdf\">Zaklju\u010dak za odre\u0111ivanje opunomo\u0107enog predstavnika u pro\u0161ireni sastav Dr\u017eavne izborne komisije<\/a><\/p>\n<hr \/>\n<hr \/>\n<p><a href=\"https:\/\/dikcg.me\/wpold\/wp-content\/uploads\/2023\/05\/Rjesenje-Albanska-alijansa.pdf\">Rje\u0161enje o utvr\u0111ivanju i progla\u0161enju izborne liste \u201eALBANSKA ALIJANSA \u2013 ALEANCA SHQIPTARE\u201c, broj: 641\/5 od 18.05.2023. godine<\/a><\/p>\n<p><a href=\"https:\/\/dikcg.me\/wpold\/wp-content\/uploads\/2023\/05\/Zakljucak-Albanska-alijansa.pdf\">Zaklju\u010dak za odre\u0111ivanje opunomo\u0107enog predstavnika u pro\u0161ireni sastav Dr\u017eavne izborne komisije<\/a><\/p>\n<hr \/>\n<hr \/>\n<p><a href=\"https:\/\/dikcg.me\/wpold\/wp-content\/uploads\/2023\/05\/Rjesenje-2-2.pdf\">Rje\u0161enje o utvr\u0111ivanju i progla\u0161enju izborne liste \u201eSNP \u2013 DEMOS \u2013 ZA TEBE\u201c, broj: 640\/5 od 18.05.2023. godine<\/a><\/p>\n<p><a href=\"https:\/\/dikcg.me\/wpold\/wp-content\/uploads\/2023\/05\/Zakljucak-2-2.pdf\">Zaklju\u010dak za odre\u0111ivanje opunomo\u0107enog predstavnika u pro\u0161ireni sastav Dr\u017eavne izborne komisije<\/a><\/p>\n<hr \/>\n<hr \/>\n<p><a href=\"https:\/\/dikcg.me\/wpold\/wp-content\/uploads\/2023\/05\/Rjesenje-4.pdf\">Rje\u0161enje o utvr\u0111ivanju i progla\u0161enju izborne liste \u201eEVROPA SAD \u2013 MILOJKO SPAJI\u0106\u201c, broj: 639\/5 od 18.05.2023. godine<\/a><\/p>\n<p><a href=\"https:\/\/dikcg.me\/wpold\/wp-content\/uploads\/2023\/05\/Zakljucak-4.pdf\">Zaklju\u010dak za odre\u0111ivanje opunomo\u0107enog predstavnika u pro\u0161ireni sastav Dr\u017eavne izborne komisije<\/a><\/p>\n<hr \/>\n<hr \/>\n<p><a href=\"https:\/\/dikcg.me\/wpold\/wp-content\/uploads\/2023\/05\/Rjesenje.pdf\">Rje\u0161enje o utvr\u0111ivanju i progla\u0161enju izborne liste \u201eZA BUDU\u0106NOST CRNE GORE (NOVA SRPSKA DEMOKRATIJA, DEMOKRATSKA NARODNA PARTIJA CRNE GORE, RADNI\u010cKA PARTIJA)\u201c, broj: 638\/5 od 18.05.2023. godine<\/a><\/p>\n<p><a href=\"https:\/\/dikcg.me\/wpold\/wp-content\/uploads\/2023\/05\/Zakljucak.pdf\">Zaklju\u010dak za odre\u0111ivanje opunomo\u0107enog predstavnika u pro\u0161ireni sastav Dr\u017eavne izborne komisije<\/a><\/p>\n<hr \/>\n<hr \/>\n<p><a href=\"https:\/\/dikcg.me\/wpold\/wp-content\/uploads\/2023\/05\/Rjesenje-3.pdf\">Rje\u0161enje o utvr\u0111ivanju i progla\u0161enju izborne liste \u201eALEKSA I DRITAN \u2013 HRABRO se broji !\u201c, broj: 637\/5 od 17.05.2023. godine<\/a><\/p>\n<p><a href=\"https:\/\/dikcg.me\/wpold\/wp-content\/uploads\/2023\/05\/Zakljucak-3.pdf\">Zaklju\u010dak za odre\u0111ivanje opunomo\u0107enog predstavnika u pro\u0161ireni sastav Dr\u017eavne izborne komisije<\/a><\/p>\n<hr \/>\n<hr \/>\n<p><a href=\"https:\/\/dikcg.me\/wpold\/wp-content\/uploads\/2023\/05\/Rjesenje-2.pdf\">Rje\u0161enje o utvr\u0111ivanju i progla\u0161enju izborne liste \u201eJasno je! \u2013 Bo\u0161nja\u010dka stranka \u2013 mr Ervin Ibrahimovi\u0107\u201c, broj: 636\/5 od 17.05.2023. godine<\/a><\/p>\n<p><a href=\"https:\/\/dikcg.me\/wpold\/wp-content\/uploads\/2023\/05\/Zakljucak-2.pdf\">Zaklju\u010dak za odre\u0111ivanje opunomo\u0107enog predstavnika u pro\u0161ireni sastav Dr\u017eavne izborne komisije<\/a><\/p>\n<hr \/>\n<hr \/>\n<p><a href=\"https:\/\/dikcg.me\/wpold\/wp-content\/uploads\/2023\/05\/Rjesenje-1.pdf\">Rje\u0161enje o utvr\u0111ivanju i progla\u0161enju izborne liste \u201eAlbanski forum \u2013 Nik Gjeloshaj \u201eBESA\u00a0 za Evropski Razvoj\u201c\u00a0 Forumi shqiptar &#8211; Nik Gjeloshaj \u201eBESA p\u00ebr Zhvillim Evropian\u201c, broj: 635\/5 od 18.05.2023. godine<\/a><\/p>\n<p><a href=\"https:\/\/dikcg.me\/wpold\/wp-content\/uploads\/2023\/05\/Zakljucak-1.pdf\">Zaklju\u010dak za odre\u0111ivanje opunomo\u0107enog predstavnika u pro\u0161ireni sastav Dr\u017eavne izborne komisije<\/a><\/p>\n<hr \/>\n<hr \/>\n<p><a href=\"https:\/\/dikcg.me\/wpold\/wp-content\/uploads\/2023\/05\/Rjesenje-2-1.pdf\">Rje\u0161enje o utvr\u0111ivanju i progla\u0161enju izborne liste \u201eZAJEDNO! Za budu\u0107nost koja ti pripada \u2013 Danijel \u017divkovi\u0107 (DPS, SD, DUA, LP)\u201c, broj: 634\/5 od 17.05.2023. godine<\/a><\/p>\n<p><a href=\"https:\/\/dikcg.me\/wpold\/wp-content\/uploads\/2023\/05\/Zakljucak-2-1.pdf\">Zaklju\u010dak za odre\u0111ivanje opunomo\u0107enog predstavnika u pro\u0161ireni sastav Dr\u017eavne izborne komisije<\/a><\/p>\n<hr \/>\n<hr \/>\n<p><a href=\"https:\/\/dikcg.me\/wpold\/wp-content\/uploads\/2023\/05\/Rjesenje-6.pdf\">Rje\u0161enje o utvr\u0111ivanju i progla\u0161enju izborne liste \u201eSDP \u2013 ZA NA\u0160U KU\u0106U\u201c, broj: 633\/11 od 19.05.2023. godine<\/a><\/p>\n<p><a href=\"https:\/\/dikcg.me\/wpold\/wp-content\/uploads\/2023\/05\/Zakljucak-5.pdf\">Zaklju\u010dak za odre\u0111ivanje opunomo\u0107enog predstavnika u pro\u0161ireni sastav Dr\u017eavne izborne komisije<\/a><\/p>\n<hr \/>\n<hr \/>\n<p><a href=\"https:\/\/dikcg.me\/wpold\/wp-content\/uploads\/2023\/05\/Rjesenje-1-1.pdf\">Rje\u0161enje o utvr\u0111ivanju i progla\u0161enju izborne liste \u201eHGI \u2013 Na pravoj strani svijeta\u201c, broj: 629\/5 od 17.05.2023. godine<\/a><\/p>\n<p><a href=\"https:\/\/dikcg.me\/wpold\/wp-content\/uploads\/2023\/05\/Zakljucak-1-1.pdf\">Zaklju\u010dak za odre\u0111ivanje opunomo\u0107enog predstavnika u pro\u0161ireni sastav Dr\u017eavne izborne komisije<\/a><\/p>\n<hr \/>\n<hr \/>\n<p><a href=\"https:\/\/dikcg.me\/wpold\/wp-content\/uploads\/2023\/05\/Rjesenje-3-1.pdf\">Rje\u0161enje o utvr\u0111ivanju i progla\u0161enju izborne liste \u201eDA, MI MO\u017dEMO ZA GRA\u0110ANSKU CRNU GORU!\u201c, broj: 624\/9 od 19.05.2023. godine<\/a><\/p>\n<p><a href=\"https:\/\/dikcg.me\/wpold\/wp-content\/uploads\/2023\/05\/Zakljucak-3-1.pdf\">Zaklju\u010dak za odre\u0111ivanje opunomo\u0107enog predstavnika u pro\u0161ireni sastav Dr\u017eavne izborne komisije<\/a><\/p>\n<hr \/>\n<hr \/>\n<p><a href=\"https:\/\/dikcg.me\/wpold\/wp-content\/uploads\/2023\/05\/Rjesenje-1-3.pdf\">Rje\u0161enje o utvr\u0111ivanju i progla\u0161enju izborne liste \u201ePreokret za sigurnu Crnu Goru \u2013 Sr\u0111an Peri\u0107\u201c, broj: 612\/10 od 18.05.2023. godine<\/a><\/p>\n<p><a href=\"https:\/\/dikcg.me\/wpold\/wp-content\/uploads\/2023\/05\/Zakljucak-1-3.pdf\">Zaklju\u010dak za odre\u0111ivanje opunomo\u0107enog predstavnika u pro\u0161ireni sastav Dr\u017eavne izborne komisije<\/a><\/p>\n<hr \/>\n<hr \/>\n<p><a href=\"https:\/\/dikcg.me\/wpold\/wp-content\/uploads\/2023\/05\/Rjesenje-1-2.pdf\">Rje\u0161enje o utvr\u0111ivanju i progla\u0161enju izborne liste \u201ePokret za promjene &#8211; PRVO CRNA GORA \u2013 Neboj\u0161a Medojevi\u0107 \u2013 Reforme za spas zemlje\u201c, broj: 611\/9 od 19.05.2023. godine<\/a><\/p>\n<p><a href=\"https:\/\/dikcg.me\/wpold\/wp-content\/uploads\/2023\/05\/Zakljucak-1-2.pdf\">Zaklju\u010dak za odre\u0111ivanje opunomo\u0107enog predstavnika u pro\u0161ireni sastav Dr\u017eavne izborne komisije<\/a><\/p>\n<hr \/>\n<hr \/>\n<p><a href=\"https:\/\/dikcg.me\/wpold\/wp-content\/uploads\/2023\/05\/Rjesenje-o-proglasenju-izborne-liste-Pravda-za-sve.pdf\">Rje\u0161enje o utvr\u0111ivanju i progla\u0161enju izborne liste \u201e<span id=\"page3R_mcid12\" class=\"markedContent\"><span dir=\"ltr\" role=\"presentation\">PRAVDA ZA SVE!<\/span> <span dir=\"ltr\" role=\"presentation\">\u2013<\/span> <span dir=\"ltr\" role=\"presentation\">dr <\/span><span dir=\"ltr\" role=\"presentation\">Vladimir Leposavi\u0107<\/span><\/span>\u201c, broj: <span id=\"page3R_mcid5\" class=\"markedContent\"><span dir=\"ltr\" role=\"presentation\">605\/<\/span><span dir=\"ltr\" role=\"presentation\">10<\/span><\/span> od 14.05.2023. godine<\/a><\/p>\n<p><a href=\"https:\/\/dikcg.me\/wpold\/wp-content\/uploads\/2023\/05\/Zakljucak-Leposavic-1.pdf\">Zaklju\u010dak za odre\u0111ivanje opunomo\u0107enog predstavnika u pro\u0161ireni sastav Dr\u017eavne izborne komisije<\/a><\/p>\n","protected":false},"excerpt":{"rendered":"","protected":false},"author":56,"featured_media":0,"comment_status":"closed","ping_status":"closed","sticky":false,"template":"","format":"standard","meta":{"footnotes":""},"categories":[278],"tags":[256],"_links":{"self":[{"href":"https:\/\/dikcg.me\/wpold\/wp-json\/wp\/v2\/posts\/9603"}],"collection":[{"href":"https:\/\/dikcg.me\/wpold\/wp-json\/wp\/v2\/posts"}],"about":[{"href":"https:\/\/dikcg.me\/wpold\/wp-json\/wp\/v2\/types\/post"}],"author":[{"embeddable":true,"href":"https:\/\/dikcg.me\/wpold\/wp-json\/wp\/v2\/users\/56"}],"replies":[{"embeddable":true,"href":"https:\/\/dikcg.me\/wpold\/wp-json\/wp\/v2\/comments?post=9603"}],"version-history":[{"count":17,"href":"https:\/\/dikcg.me\/wpold\/wp-json\/wp\/v2\/posts\/9603\/revisions"}],"predecessor-version":[{"id":9607,"href":"https:\/\/dikcg.me\/wpold\/wp-json\/wp\/v2\/posts\/9603\/revisions\/9607"}],"wp:attachment":[{"href":"https:\/\/dikcg.me\/wpold\/wp-json\/wp\/v2\/media?parent=9603"}],"wp:term":[{"taxonomy":"category","embeddable":true,"href":"https:\/\/dikcg.me\/wpold\/wp-json\/wp\/v2\/categories?post=9603"},{"taxonomy":"post_tag","embeddable":true,"href":"https:\/\/dikcg.me\/wpold\/wp-json\/wp\/v2\/tags?post=9603"}],"curies":[{"name":"wp","href":"https:\/\/api.w.org\/{rel}","templated":true}]}}