{"id":9381,"date":"2023-04-05T20:43:10","date_gmt":"2023-04-05T19:43:10","guid":{"rendered":"https:\/\/dikcg.me\/wpold\/?p=9381"},"modified":"2023-04-07T12:33:26","modified_gmt":"2023-04-07T11:33:26","slug":"saziv-za-115-sjednicu-2","status":"publish","type":"post","link":"https:\/\/dikcg.me\/wpold\/saziv-za-115-sjednicu-2\/","title":{"rendered":"Saziv za 115. sjednicu"},"content":{"rendered":"<p>Dr\u017eavna izborna komisija utvrdi\u0107e sjutra, 5.4.2023. godine, kona\u010dne rezultate izbora za izbor Predsjednika Crne Gore. Sjednica Komisije <a href=\"https:\/\/dikcg.me\/wpold\/wp-content\/uploads\/2023\/04\/Saziv-115-predsj..pdf\">zakazana<\/a> je za 7:30h.<\/p>\n","protected":false},"excerpt":{"rendered":"Dr\u017eavna izborna komisija utvrdi\u0107e sjutra, 5.4.2023. godine, kona\u010dne rezultate izbora za izbor Predsjednika Crne Gore. Sjednica Komisije zakazana je za 7:30h.","protected":false},"author":56,"featured_media":0,"comment_status":"closed","ping_status":"closed","sticky":false,"template":"","format":"standard","meta":{"footnotes":""},"categories":[18],"tags":[246],"_links":{"self":[{"href":"https:\/\/dikcg.me\/wpold\/wp-json\/wp\/v2\/posts\/9381"}],"collection":[{"href":"https:\/\/dikcg.me\/wpold\/wp-json\/wp\/v2\/posts"}],"about":[{"href":"https:\/\/dikcg.me\/wpold\/wp-json\/wp\/v2\/types\/post"}],"author":[{"embeddable":true,"href":"https:\/\/dikcg.me\/wpold\/wp-json\/wp\/v2\/users\/56"}],"replies":[{"embeddable":true,"href":"https:\/\/dikcg.me\/wpold\/wp-json\/wp\/v2\/comments?post=9381"}],"version-history":[{"count":2,"href":"https:\/\/dikcg.me\/wpold\/wp-json\/wp\/v2\/posts\/9381\/revisions"}],"predecessor-version":[{"id":9385,"href":"https:\/\/dikcg.me\/wpold\/wp-json\/wp\/v2\/posts\/9381\/revisions\/9385"}],"wp:attachment":[{"href":"https:\/\/dikcg.me\/wpold\/wp-json\/wp\/v2\/media?parent=9381"}],"wp:term":[{"taxonomy":"category","embeddable":true,"href":"https:\/\/dikcg.me\/wpold\/wp-json\/wp\/v2\/categories?post=9381"},{"taxonomy":"post_tag","embeddable":true,"href":"https:\/\/dikcg.me\/wpold\/wp-json\/wp\/v2\/tags?post=9381"}],"curies":[{"name":"wp","href":"https:\/\/api.w.org\/{rel}","templated":true}]}}