{"id":9241,"date":"2023-03-23T17:26:30","date_gmt":"2023-03-23T16:26:30","guid":{"rendered":"https:\/\/dikcg.me\/wpold\/?p=9241"},"modified":"2023-03-23T17:26:21","modified_gmt":"2023-03-23T16:26:21","slug":"saopstenje-u-vezi-odrzavanja-drugog-kruga-predsjednickih-izbora","status":"publish","type":"post","link":"https:\/\/dikcg.me\/wpold\/saopstenje-u-vezi-odrzavanja-drugog-kruga-predsjednickih-izbora\/","title":{"rendered":"Saop\u0161tenje u vezi odr\u017eavanja drugog kruga predsjedni\u010dkih izbora"},"content":{"rendered":"<p>Dr\u017eavna izborna komisija donijela je saglasno Zakonu o izboru Predsjednika Crne Gore i utvr\u0111enim Privremenim rezultatima izbora za Predsjednika Crne Gore od 20.03.2023. godine Zaklju\u010dak saglasno kome se drugi krug izbora za Predsjednika Crne Gore odr\u017eava 2. aprila 2023. godine, te u drugom krugu izbora u\u010destvuju dva kandidata koji su u prvom krugu osvojili najve\u0107i broj glasova &#8211; Milo \u0110ukanovi\u0107 i mr Jakov Milatovi\u0107.<\/p>\n<p>Utvr\u0111ena je i lista kandidata sa istim redosljedom rednih brojeva kao i u prvom krugu izbora, kandidat Milo \u0110ukanovi\u0107 pod rednim brojem 1, mr Jakov Milatov pod rednim brojem 2.<\/p>\n<p>Drugi krug glasanja odr\u017ea\u0107e se na bira\u010dkim mjestima koja su odre\u0111ena za prvi krug glasanja 19. marta.<\/p>\n<p>\u0160tampanje glasa\u010dkih listi\u0107a po\u010de\u0107e u nedjelju 26. marta u \u0161tampariji Merkator u Bijelom Polju dok \u0107e distribucija izbornog materijala op\u0161tinskim izbornim komisijama biti izvr\u0161ena dan kasnije.<\/p>\n<p>Ukoliko mediji \u017eele da izvje\u0161tavaju o\u00a0 procesu\u00a0 \u0161tampanja glasa\u010dkih listi\u0107a, potrebno je da se obrate Dr\u017eavnoj izbornoj komisiji najkasnije do 25. marta 2023.godine do 15 \u010dasova u cilju izdavanja ovla\u0161\u0107enja koje je neophodno za ulazak u prostorije gdje \u0107e biti vr\u0161eno \u0161tampanje.<\/p>\n<p>Uz zahtjev potrebno je dostaviti podatke o licu za koje se tra\u017ei ovla\u0161\u0107enje (ime i prezime, broj identifikacionog dokumenta- li\u010dne karte ili paso\u0161a).<\/p>\n","protected":false},"excerpt":{"rendered":"Dr\u017eavna izborna komisija donijela je saglasno Zakonu o izboru Predsjednika Crne Gore i utvr\u0111enim Privremenim rezultatima izbora za Predsjednika Crne Gore od 20.03.2023. godine Zaklju\u010dak saglasno kome se drugi krug izbora za Predsjednika Crne Gore odr\u017eava 2. aprila 2023. godine, te u drugom krugu izbora u\u010destvuju dva kandidata koji su u prvom krugu osvojili najve\u0107i&#8230; <a href=\"https:\/\/dikcg.me\/wpold\/saopstenje-u-vezi-odrzavanja-drugog-kruga-predsjednickih-izbora\/\">Read more <i class=\"fas fa-angle-right\"><\/i><\/a>","protected":false},"author":56,"featured_media":0,"comment_status":"closed","ping_status":"closed","sticky":false,"template":"","format":"standard","meta":{"footnotes":""},"categories":[15],"tags":[],"_links":{"self":[{"href":"https:\/\/dikcg.me\/wpold\/wp-json\/wp\/v2\/posts\/9241"}],"collection":[{"href":"https:\/\/dikcg.me\/wpold\/wp-json\/wp\/v2\/posts"}],"about":[{"href":"https:\/\/dikcg.me\/wpold\/wp-json\/wp\/v2\/types\/post"}],"author":[{"embeddable":true,"href":"https:\/\/dikcg.me\/wpold\/wp-json\/wp\/v2\/users\/56"}],"replies":[{"embeddable":true,"href":"https:\/\/dikcg.me\/wpold\/wp-json\/wp\/v2\/comments?post=9241"}],"version-history":[{"count":1,"href":"https:\/\/dikcg.me\/wpold\/wp-json\/wp\/v2\/posts\/9241\/revisions"}],"predecessor-version":[{"id":9242,"href":"https:\/\/dikcg.me\/wpold\/wp-json\/wp\/v2\/posts\/9241\/revisions\/9242"}],"wp:attachment":[{"href":"https:\/\/dikcg.me\/wpold\/wp-json\/wp\/v2\/media?parent=9241"}],"wp:term":[{"taxonomy":"category","embeddable":true,"href":"https:\/\/dikcg.me\/wpold\/wp-json\/wp\/v2\/categories?post=9241"},{"taxonomy":"post_tag","embeddable":true,"href":"https:\/\/dikcg.me\/wpold\/wp-json\/wp\/v2\/tags?post=9241"}],"curies":[{"name":"wp","href":"https:\/\/api.w.org\/{rel}","templated":true}]}}