{"id":9209,"date":"2023-03-20T14:33:42","date_gmt":"2023-03-20T13:33:42","guid":{"rendered":"https:\/\/dikcg.me\/wpold\/?p=9209"},"modified":"2023-03-20T14:33:42","modified_gmt":"2023-03-20T13:33:42","slug":"obavjestenje-2","status":"publish","type":"post","link":"https:\/\/dikcg.me\/wpold\/obavjestenje-2\/","title":{"rendered":"Obavje\u0161tenje"},"content":{"rendered":"<p>Sjednica Dr\u017eavne izborne komisije na kojoj \u0107e biti utvr\u0111eni privremeni rezultati izbora za izbor Predsjednika Crne Gore bi\u0107e odr\u017eana ve\u010deras, 20. marta 2023. godine, sa po\u010detkom u 20 sati.<br \/>\nSjednica \u0107e biti odr\u017eana u prostorijama stare zgrade Vlade.<\/p>\n","protected":false},"excerpt":{"rendered":"Sjednica Dr\u017eavne izborne komisije na kojoj \u0107e biti utvr\u0111eni privremeni rezultati izbora za izbor Predsjednika Crne Gore bi\u0107e odr\u017eana ve\u010deras, 20. marta 2023. godine, sa po\u010detkom u 20 sati. Sjednica \u0107e biti odr\u017eana u prostorijama stare zgrade Vlade.","protected":false},"author":56,"featured_media":0,"comment_status":"closed","ping_status":"closed","sticky":false,"template":"","format":"standard","meta":{"footnotes":""},"categories":[15,18],"tags":[],"_links":{"self":[{"href":"https:\/\/dikcg.me\/wpold\/wp-json\/wp\/v2\/posts\/9209"}],"collection":[{"href":"https:\/\/dikcg.me\/wpold\/wp-json\/wp\/v2\/posts"}],"about":[{"href":"https:\/\/dikcg.me\/wpold\/wp-json\/wp\/v2\/types\/post"}],"author":[{"embeddable":true,"href":"https:\/\/dikcg.me\/wpold\/wp-json\/wp\/v2\/users\/56"}],"replies":[{"embeddable":true,"href":"https:\/\/dikcg.me\/wpold\/wp-json\/wp\/v2\/comments?post=9209"}],"version-history":[{"count":2,"href":"https:\/\/dikcg.me\/wpold\/wp-json\/wp\/v2\/posts\/9209\/revisions"}],"predecessor-version":[{"id":9211,"href":"https:\/\/dikcg.me\/wpold\/wp-json\/wp\/v2\/posts\/9209\/revisions\/9211"}],"wp:attachment":[{"href":"https:\/\/dikcg.me\/wpold\/wp-json\/wp\/v2\/media?parent=9209"}],"wp:term":[{"taxonomy":"category","embeddable":true,"href":"https:\/\/dikcg.me\/wpold\/wp-json\/wp\/v2\/categories?post=9209"},{"taxonomy":"post_tag","embeddable":true,"href":"https:\/\/dikcg.me\/wpold\/wp-json\/wp\/v2\/tags?post=9209"}],"curies":[{"name":"wp","href":"https:\/\/api.w.org\/{rel}","templated":true}]}}