{"id":9061,"date":"2023-03-13T13:28:10","date_gmt":"2023-03-13T12:28:10","guid":{"rendered":"https:\/\/dikcg.me\/wpold\/?p=9061"},"modified":"2023-03-14T11:07:21","modified_gmt":"2023-03-14T10:07:21","slug":"postupak-za-akreditovanje-medija-koji-ce-izvjestavati-o-izborima-za-izbor-predsjednika-crne-gore-koji-ce-se-odrzati-19-marta-2023-godine","status":"publish","type":"post","link":"https:\/\/dikcg.me\/wpold\/postupak-za-akreditovanje-medija-koji-ce-izvjestavati-o-izborima-za-izbor-predsjednika-crne-gore-koji-ce-se-odrzati-19-marta-2023-godine\/","title":{"rendered":"Postupak za akreditovanje medija koji \u0107e izvje\u0161tavati o izborima za izbor Predsjednika Crne Gore koji \u0107e se odr\u017eati 19. marta 2023. godine"},"content":{"rendered":"<p><a href=\"https:\/\/dikcg.me\/wpold\/wp-content\/uploads\/2023\/03\/AKREDITACIJE-NOVINARA-izborni-dan-1.pdf\">Postupak za akreditovanje medija<\/a><\/p>\n","protected":false},"excerpt":{"rendered":"Postupak za akreditovanje medija","protected":false},"author":56,"featured_media":0,"comment_status":"closed","ping_status":"closed","sticky":false,"template":"","format":"standard","meta":{"footnotes":""},"categories":[276],"tags":[],"_links":{"self":[{"href":"https:\/\/dikcg.me\/wpold\/wp-json\/wp\/v2\/posts\/9061"}],"collection":[{"href":"https:\/\/dikcg.me\/wpold\/wp-json\/wp\/v2\/posts"}],"about":[{"href":"https:\/\/dikcg.me\/wpold\/wp-json\/wp\/v2\/types\/post"}],"author":[{"embeddable":true,"href":"https:\/\/dikcg.me\/wpold\/wp-json\/wp\/v2\/users\/56"}],"replies":[{"embeddable":true,"href":"https:\/\/dikcg.me\/wpold\/wp-json\/wp\/v2\/comments?post=9061"}],"version-history":[{"count":3,"href":"https:\/\/dikcg.me\/wpold\/wp-json\/wp\/v2\/posts\/9061\/revisions"}],"predecessor-version":[{"id":9077,"href":"https:\/\/dikcg.me\/wpold\/wp-json\/wp\/v2\/posts\/9061\/revisions\/9077"}],"wp:attachment":[{"href":"https:\/\/dikcg.me\/wpold\/wp-json\/wp\/v2\/media?parent=9061"}],"wp:term":[{"taxonomy":"category","embeddable":true,"href":"https:\/\/dikcg.me\/wpold\/wp-json\/wp\/v2\/categories?post=9061"},{"taxonomy":"post_tag","embeddable":true,"href":"https:\/\/dikcg.me\/wpold\/wp-json\/wp\/v2\/tags?post=9061"}],"curies":[{"name":"wp","href":"https:\/\/api.w.org\/{rel}","templated":true}]}}