{"id":8882,"date":"2023-03-03T15:39:40","date_gmt":"2023-03-03T14:39:40","guid":{"rendered":"https:\/\/dikcg.me\/wpold\/?p=8882"},"modified":"2023-03-03T15:39:40","modified_gmt":"2023-03-03T14:39:40","slug":"dik-odbacila-prigovor-bozidara-vujicica","status":"publish","type":"post","link":"https:\/\/dikcg.me\/wpold\/dik-odbacila-prigovor-bozidara-vujicica\/","title":{"rendered":"DIK odbacila prigovor Bo\u017eidara Vuji\u010di\u0107a"},"content":{"rendered":"<p><a href=\"https:\/\/dikcg.me\/wpold\/wp-content\/uploads\/2023\/03\/23-226-B.-Vujicic.pdf\">Rje\u0161enje broj: 226\/2 od 01.03.2023. godine<\/a><\/p>\n","protected":false},"excerpt":{"rendered":"Rje\u0161enje broj: 226\/2 od 01.03.2023. godine","protected":false},"author":56,"featured_media":0,"comment_status":"closed","ping_status":"closed","sticky":false,"template":"","format":"standard","meta":{"footnotes":""},"categories":[17],"tags":[242],"_links":{"self":[{"href":"https:\/\/dikcg.me\/wpold\/wp-json\/wp\/v2\/posts\/8882"}],"collection":[{"href":"https:\/\/dikcg.me\/wpold\/wp-json\/wp\/v2\/posts"}],"about":[{"href":"https:\/\/dikcg.me\/wpold\/wp-json\/wp\/v2\/types\/post"}],"author":[{"embeddable":true,"href":"https:\/\/dikcg.me\/wpold\/wp-json\/wp\/v2\/users\/56"}],"replies":[{"embeddable":true,"href":"https:\/\/dikcg.me\/wpold\/wp-json\/wp\/v2\/comments?post=8882"}],"version-history":[{"count":1,"href":"https:\/\/dikcg.me\/wpold\/wp-json\/wp\/v2\/posts\/8882\/revisions"}],"predecessor-version":[{"id":8885,"href":"https:\/\/dikcg.me\/wpold\/wp-json\/wp\/v2\/posts\/8882\/revisions\/8885"}],"wp:attachment":[{"href":"https:\/\/dikcg.me\/wpold\/wp-json\/wp\/v2\/media?parent=8882"}],"wp:term":[{"taxonomy":"category","embeddable":true,"href":"https:\/\/dikcg.me\/wpold\/wp-json\/wp\/v2\/categories?post=8882"},{"taxonomy":"post_tag","embeddable":true,"href":"https:\/\/dikcg.me\/wpold\/wp-json\/wp\/v2\/tags?post=8882"}],"curies":[{"name":"wp","href":"https:\/\/api.w.org\/{rel}","templated":true}]}}