{"id":8791,"date":"2023-02-28T16:15:43","date_gmt":"2023-02-28T15:15:43","guid":{"rendered":"https:\/\/dikcg.me\/wpold\/?p=8791"},"modified":"2023-02-28T18:10:05","modified_gmt":"2023-02-28T17:10:05","slug":"dik-utvrdila-kandidature-janka-milatovica-i-alekse-becica","status":"publish","type":"post","link":"https:\/\/dikcg.me\/wpold\/dik-utvrdila-kandidature-janka-milatovica-i-alekse-becica\/","title":{"rendered":"DIK utvrdila kandidature Jakova Milatovi\u0107a i Alekse Be\u010di\u0107a"},"content":{"rendered":"<p>Dr\u017eavna izborna komisija utvrdila je na dana\u0161njoj sjednici kandidature za izbor za predsjednika Crne Gore <span id=\"page3R_mcid20\" class=\"markedContent\"><span dir=\"ltr\" role=\"presentation\">mr Jakova <\/span><span dir=\"ltr\" role=\"presentation\">Milatovi\u0107a<\/span><span dir=\"ltr\" role=\"presentation\">,<\/span> <span dir=\"ltr\" role=\"presentation\">kojeg<\/span> <span dir=\"ltr\" role=\"presentation\">je predlo<\/span><span dir=\"ltr\" role=\"presentation\">\u017eila politi\u010dka stranka<\/span> <span dir=\"ltr\" role=\"presentation\">Pokret Evropa sad<\/span><\/span> i mr Alekse Be\u010di\u0107a, k<span id=\"page3R_mcid21\" class=\"markedContent\"><span dir=\"ltr\" role=\"presentation\">ojeg je predlo\u017eila<\/span><span dir=\"ltr\" role=\"presentation\"> Demokratska Crna Gora. Komisija je prethodno, jer nije dostavio nedostaju\u0107u dokumentaciju, <\/span><\/span>odbila predlog kandidature \u017deljka Matija\u0161evi\u0107a.<\/p>\n<p>Kandidatu za predsjednika Crne Gore Jovanu Radulovi\u0107u dat je rok od 48 sati da otkloni nedostatke tako \u0161to \u0107e dostaviti izjavu grupe gra\u0111ana ovjerenu kod notara koji ga predla\u017eu za izbor za predsjednika Crne Gore i jo\u0161 2.613 validnih potpisa podr\u0161ke bira\u010da.<\/p>\n<p>DIK odbacila je kao nedozvoljen prigovor Moma Joksimovi\u0107a iz Stranke penzionera na kandidaturu predsjednika Demokratske partije socijalista Mila \u0110ukanovi\u0107a.<\/p>\n","protected":false},"excerpt":{"rendered":"Dr\u017eavna izborna komisija utvrdila je na dana\u0161njoj sjednici kandidature za izbor za predsjednika Crne Gore mr Jakova Milatovi\u0107a, kojeg je predlo\u017eila politi\u010dka stranka Pokret Evropa sad i mr Alekse Be\u010di\u0107a, kojeg je predlo\u017eila Demokratska Crna Gora. Komisija je prethodno, jer nije dostavio nedostaju\u0107u dokumentaciju, odbila predlog kandidature \u017deljka Matija\u0161evi\u0107a. Kandidatu za predsjednika Crne Gore Jovanu&#8230; <a href=\"https:\/\/dikcg.me\/wpold\/dik-utvrdila-kandidature-janka-milatovica-i-alekse-becica\/\">Read more <i class=\"fas fa-angle-right\"><\/i><\/a>","protected":false},"author":56,"featured_media":0,"comment_status":"closed","ping_status":"closed","sticky":false,"template":"","format":"standard","meta":{"footnotes":""},"categories":[15],"tags":[],"_links":{"self":[{"href":"https:\/\/dikcg.me\/wpold\/wp-json\/wp\/v2\/posts\/8791"}],"collection":[{"href":"https:\/\/dikcg.me\/wpold\/wp-json\/wp\/v2\/posts"}],"about":[{"href":"https:\/\/dikcg.me\/wpold\/wp-json\/wp\/v2\/types\/post"}],"author":[{"embeddable":true,"href":"https:\/\/dikcg.me\/wpold\/wp-json\/wp\/v2\/users\/56"}],"replies":[{"embeddable":true,"href":"https:\/\/dikcg.me\/wpold\/wp-json\/wp\/v2\/comments?post=8791"}],"version-history":[{"count":3,"href":"https:\/\/dikcg.me\/wpold\/wp-json\/wp\/v2\/posts\/8791\/revisions"}],"predecessor-version":[{"id":8812,"href":"https:\/\/dikcg.me\/wpold\/wp-json\/wp\/v2\/posts\/8791\/revisions\/8812"}],"wp:attachment":[{"href":"https:\/\/dikcg.me\/wpold\/wp-json\/wp\/v2\/media?parent=8791"}],"wp:term":[{"taxonomy":"category","embeddable":true,"href":"https:\/\/dikcg.me\/wpold\/wp-json\/wp\/v2\/categories?post=8791"},{"taxonomy":"post_tag","embeddable":true,"href":"https:\/\/dikcg.me\/wpold\/wp-json\/wp\/v2\/tags?post=8791"}],"curies":[{"name":"wp","href":"https:\/\/api.w.org\/{rel}","templated":true}]}}