{"id":8778,"date":"2023-02-28T14:08:48","date_gmt":"2023-02-28T13:08:48","guid":{"rendered":"https:\/\/dikcg.me\/wpold\/?p=8778"},"modified":"2023-02-28T14:08:48","modified_gmt":"2023-02-28T13:08:48","slug":"dik-utvrdila-kandidaturu-gorana-danilovica-kandidata-ujedinjene-crne-gore","status":"publish","type":"post","link":"https:\/\/dikcg.me\/wpold\/dik-utvrdila-kandidaturu-gorana-danilovica-kandidata-ujedinjene-crne-gore\/","title":{"rendered":"DIK utvrdila kandidaturu Gorana Danilovi\u0107a, kandidata Ujedinjene Crne Gore"},"content":{"rendered":"<p><a href=\"https:\/\/dikcg.me\/wpold\/wp-content\/uploads\/2023\/02\/Rjesenje-Danilovic.pdf\">Rje\u0161enje o utvr\u0111ivanju kandidature<\/a><\/p>\n<p><a href=\"https:\/\/dikcg.me\/wpold\/wp-content\/uploads\/2023\/02\/Zakljucak-Danilovic.pdf\">Zaklju\u010dak za odre\u0111ivanje svog predstavnika u pro\u0161ireni sastav Dr\u017eavne izborne komisije<\/a><\/p>\n","protected":false},"excerpt":{"rendered":"Rje\u0161enje o utvr\u0111ivanju kandidature Zaklju\u010dak za odre\u0111ivanje svog predstavnika u pro\u0161ireni sastav Dr\u017eavne izborne komisije","protected":false},"author":56,"featured_media":0,"comment_status":"closed","ping_status":"closed","sticky":false,"template":"","format":"standard","meta":{"footnotes":""},"categories":[276],"tags":[],"_links":{"self":[{"href":"https:\/\/dikcg.me\/wpold\/wp-json\/wp\/v2\/posts\/8778"}],"collection":[{"href":"https:\/\/dikcg.me\/wpold\/wp-json\/wp\/v2\/posts"}],"about":[{"href":"https:\/\/dikcg.me\/wpold\/wp-json\/wp\/v2\/types\/post"}],"author":[{"embeddable":true,"href":"https:\/\/dikcg.me\/wpold\/wp-json\/wp\/v2\/users\/56"}],"replies":[{"embeddable":true,"href":"https:\/\/dikcg.me\/wpold\/wp-json\/wp\/v2\/comments?post=8778"}],"version-history":[{"count":1,"href":"https:\/\/dikcg.me\/wpold\/wp-json\/wp\/v2\/posts\/8778\/revisions"}],"predecessor-version":[{"id":8784,"href":"https:\/\/dikcg.me\/wpold\/wp-json\/wp\/v2\/posts\/8778\/revisions\/8784"}],"wp:attachment":[{"href":"https:\/\/dikcg.me\/wpold\/wp-json\/wp\/v2\/media?parent=8778"}],"wp:term":[{"taxonomy":"category","embeddable":true,"href":"https:\/\/dikcg.me\/wpold\/wp-json\/wp\/v2\/categories?post=8778"},{"taxonomy":"post_tag","embeddable":true,"href":"https:\/\/dikcg.me\/wpold\/wp-json\/wp\/v2\/tags?post=8778"}],"curies":[{"name":"wp","href":"https:\/\/api.w.org\/{rel}","templated":true}]}}