{"id":8767,"date":"2023-02-28T09:52:16","date_gmt":"2023-02-28T08:52:16","guid":{"rendered":"https:\/\/dikcg.me\/wpold\/?p=8767"},"modified":"2023-02-28T10:39:30","modified_gmt":"2023-02-28T09:39:30","slug":"prigovor-bozidara-vujicica-odbacen-kao-nedozvoljen","status":"publish","type":"post","link":"https:\/\/dikcg.me\/wpold\/prigovor-bozidara-vujicica-odbacen-kao-nedozvoljen\/","title":{"rendered":"DIK odbacila prigovor Bo\u017eidara Vuji\u010di\u0107a"},"content":{"rendered":"<p><a href=\"https:\/\/dikcg.me\/wpold\/wp-content\/uploads\/2023\/02\/23-210-B.-Vujicic.pdf\">Rje\u0161enje br. 210\/2 od 27.02.2023. godine<\/a><\/p>\n","protected":false},"excerpt":{"rendered":"Rje\u0161enje br. 210\/2 od 27.02.2023. godine","protected":false},"author":56,"featured_media":0,"comment_status":"closed","ping_status":"closed","sticky":false,"template":"","format":"standard","meta":{"footnotes":""},"categories":[17],"tags":[242],"_links":{"self":[{"href":"https:\/\/dikcg.me\/wpold\/wp-json\/wp\/v2\/posts\/8767"}],"collection":[{"href":"https:\/\/dikcg.me\/wpold\/wp-json\/wp\/v2\/posts"}],"about":[{"href":"https:\/\/dikcg.me\/wpold\/wp-json\/wp\/v2\/types\/post"}],"author":[{"embeddable":true,"href":"https:\/\/dikcg.me\/wpold\/wp-json\/wp\/v2\/users\/56"}],"replies":[{"embeddable":true,"href":"https:\/\/dikcg.me\/wpold\/wp-json\/wp\/v2\/comments?post=8767"}],"version-history":[{"count":3,"href":"https:\/\/dikcg.me\/wpold\/wp-json\/wp\/v2\/posts\/8767\/revisions"}],"predecessor-version":[{"id":8772,"href":"https:\/\/dikcg.me\/wpold\/wp-json\/wp\/v2\/posts\/8767\/revisions\/8772"}],"wp:attachment":[{"href":"https:\/\/dikcg.me\/wpold\/wp-json\/wp\/v2\/media?parent=8767"}],"wp:term":[{"taxonomy":"category","embeddable":true,"href":"https:\/\/dikcg.me\/wpold\/wp-json\/wp\/v2\/categories?post=8767"},{"taxonomy":"post_tag","embeddable":true,"href":"https:\/\/dikcg.me\/wpold\/wp-json\/wp\/v2\/tags?post=8767"}],"curies":[{"name":"wp","href":"https:\/\/api.w.org\/{rel}","templated":true}]}}