{"id":8727,"date":"2023-02-27T11:30:10","date_gmt":"2023-02-27T10:30:10","guid":{"rendered":"https:\/\/dikcg.me\/wpold\/?p=8727"},"modified":"2023-02-27T11:30:10","modified_gmt":"2023-02-27T10:30:10","slug":"odbacen-prigovor-bozidara-vujacica-na-rad-drzavne-izborne-komisije-kao-nedozvoljen","status":"publish","type":"post","link":"https:\/\/dikcg.me\/wpold\/odbacen-prigovor-bozidara-vujacica-na-rad-drzavne-izborne-komisije-kao-nedozvoljen\/","title":{"rendered":"Odba\u010den prigovor Bo\u017eidara Vuja\u010di\u0107a na rad Dr\u017eavne izborne komisije kao nedozvoljen"},"content":{"rendered":"<p><a href=\"https:\/\/dikcg.me\/wpold\/wp-content\/uploads\/2023\/02\/23-206-B.-Vujicic.pdf\">Rje\u0161enje br. 206\/2 od 26.02.2023. godine<\/a><\/p>\n","protected":false},"excerpt":{"rendered":"Rje\u0161enje br. 206\/2 od 26.02.2023. godine","protected":false},"author":56,"featured_media":0,"comment_status":"closed","ping_status":"closed","sticky":false,"template":"","format":"standard","meta":{"footnotes":""},"categories":[17],"tags":[242],"_links":{"self":[{"href":"https:\/\/dikcg.me\/wpold\/wp-json\/wp\/v2\/posts\/8727"}],"collection":[{"href":"https:\/\/dikcg.me\/wpold\/wp-json\/wp\/v2\/posts"}],"about":[{"href":"https:\/\/dikcg.me\/wpold\/wp-json\/wp\/v2\/types\/post"}],"author":[{"embeddable":true,"href":"https:\/\/dikcg.me\/wpold\/wp-json\/wp\/v2\/users\/56"}],"replies":[{"embeddable":true,"href":"https:\/\/dikcg.me\/wpold\/wp-json\/wp\/v2\/comments?post=8727"}],"version-history":[{"count":1,"href":"https:\/\/dikcg.me\/wpold\/wp-json\/wp\/v2\/posts\/8727\/revisions"}],"predecessor-version":[{"id":8730,"href":"https:\/\/dikcg.me\/wpold\/wp-json\/wp\/v2\/posts\/8727\/revisions\/8730"}],"wp:attachment":[{"href":"https:\/\/dikcg.me\/wpold\/wp-json\/wp\/v2\/media?parent=8727"}],"wp:term":[{"taxonomy":"category","embeddable":true,"href":"https:\/\/dikcg.me\/wpold\/wp-json\/wp\/v2\/categories?post=8727"},{"taxonomy":"post_tag","embeddable":true,"href":"https:\/\/dikcg.me\/wpold\/wp-json\/wp\/v2\/tags?post=8727"}],"curies":[{"name":"wp","href":"https:\/\/api.w.org\/{rel}","templated":true}]}}