{"id":8657,"date":"2023-02-24T16:09:04","date_gmt":"2023-02-24T15:09:04","guid":{"rendered":"https:\/\/dikcg.me\/wpold\/?p=8657"},"modified":"2023-02-24T16:11:37","modified_gmt":"2023-02-24T15:11:37","slug":"saopstenje-dik-a-u-vezi-okolnosti-vezanih-za-kandidaturu-gorana-danilovica","status":"publish","type":"post","link":"https:\/\/dikcg.me\/wpold\/saopstenje-dik-a-u-vezi-okolnosti-vezanih-za-kandidaturu-gorana-danilovica\/","title":{"rendered":"Saop\u0161tenje DIK-a u vezi okolnosti vezanih za kandidaturu Gorana Danilovi\u0107a"},"content":{"rendered":"<p>Dr\u017eavna izborna komisija upoznala se sa okolnostima koje je iznio Goran Danilovi\u0107, koji je predlo\u017een za kandidata za Predsjednika Crne Gore od strane Ujedinjene Crne Gore a u vezi razlika u dokumentaciji koja je podnesena DIK-u i kopija koje su u posjedu ovog politi\u010dkog subjekta, a koje se odnose na obrasce potpisa podr\u0161ke bira\u010da.<\/p>\n<p>Komisija je konstatovala da je Zaklju\u010dak o otklanjanju nedostataka donijela na osnovu Izvje\u0161taja Stru\u010dne slu\u017ebe DIK-a koja je konstatovala da je postojao dio obrazaca koji je bio nevalidan u smislu nepostojanja svih propisanih elemenata. Zaklju\u010deno je da je Stru\u010dna slu\u017eba postupila po Uputstvu o na\u010dinu i postupku provjere potpisa podr\u0161ke kojim je propisano na koji na\u010din postupaju ovla\u0161\u0107ena lica za provjeru.<\/p>\n<p>U cilju utvr\u0111ivanja svih okolnosti vezanih za ovu situaciju, Komisija je bila jednoglasna da sve sporne obrasce sa potpisima podr\u0161ke bira\u010da uputi nadle\u017enom tu\u017eila\u0161tvu. Komisija je zaklju\u010dila da je u interesu kako predlo\u017eenog kandidata Gorana Danilovi\u0107a, tako i Stru\u010dne slu\u017ebe Komisije, ali i DIK-a kao institucije, da se pred nadle\u017enim dr\u017eavnim organima sprovede postupak kako bi se utvrdile sve okolnosti vezane za ovo pitanje.<\/p>\n<p>Zaklju\u010deno je da se predstavnicima Ujedinjene Crne Gore omogu\u0107i evidencija svih obrazaca potpisa podr\u0161ke bira\u010da koje je Stru\u010dna slu\u017eba evidentirala kao sporne u cilju omogu\u0107avanja podnosiocu kandidature da postupi po Zaklju\u010dku DIK-a.<\/p>\n","protected":false},"excerpt":{"rendered":"Dr\u017eavna izborna komisija upoznala se sa okolnostima koje je iznio Goran Danilovi\u0107, koji je predlo\u017een za kandidata za Predsjednika Crne Gore od strane Ujedinjene Crne Gore a u vezi razlika u dokumentaciji koja je podnesena DIK-u i kopija koje su u posjedu ovog politi\u010dkog subjekta, a koje se odnose na obrasce potpisa podr\u0161ke bira\u010da. Komisija&#8230; <a href=\"https:\/\/dikcg.me\/wpold\/saopstenje-dik-a-u-vezi-okolnosti-vezanih-za-kandidaturu-gorana-danilovica\/\">Read more <i class=\"fas fa-angle-right\"><\/i><\/a>","protected":false},"author":56,"featured_media":0,"comment_status":"closed","ping_status":"closed","sticky":false,"template":"","format":"standard","meta":{"footnotes":""},"categories":[15],"tags":[],"_links":{"self":[{"href":"https:\/\/dikcg.me\/wpold\/wp-json\/wp\/v2\/posts\/8657"}],"collection":[{"href":"https:\/\/dikcg.me\/wpold\/wp-json\/wp\/v2\/posts"}],"about":[{"href":"https:\/\/dikcg.me\/wpold\/wp-json\/wp\/v2\/types\/post"}],"author":[{"embeddable":true,"href":"https:\/\/dikcg.me\/wpold\/wp-json\/wp\/v2\/users\/56"}],"replies":[{"embeddable":true,"href":"https:\/\/dikcg.me\/wpold\/wp-json\/wp\/v2\/comments?post=8657"}],"version-history":[{"count":1,"href":"https:\/\/dikcg.me\/wpold\/wp-json\/wp\/v2\/posts\/8657\/revisions"}],"predecessor-version":[{"id":8658,"href":"https:\/\/dikcg.me\/wpold\/wp-json\/wp\/v2\/posts\/8657\/revisions\/8658"}],"wp:attachment":[{"href":"https:\/\/dikcg.me\/wpold\/wp-json\/wp\/v2\/media?parent=8657"}],"wp:term":[{"taxonomy":"category","embeddable":true,"href":"https:\/\/dikcg.me\/wpold\/wp-json\/wp\/v2\/categories?post=8657"},{"taxonomy":"post_tag","embeddable":true,"href":"https:\/\/dikcg.me\/wpold\/wp-json\/wp\/v2\/tags?post=8657"}],"curies":[{"name":"wp","href":"https:\/\/api.w.org\/{rel}","templated":true}]}}