{"id":8504,"date":"2023-02-08T15:00:52","date_gmt":"2023-02-08T14:00:52","guid":{"rendered":"https:\/\/dikcg.me\/wpold\/?p=8504"},"modified":"2023-02-09T13:11:30","modified_gmt":"2023-02-09T12:11:30","slug":"dik-utvrdio-kandidaturu-andrije-mandica-za-predsjednika-crne-gore","status":"publish","type":"post","link":"https:\/\/dikcg.me\/wpold\/dik-utvrdio-kandidaturu-andrije-mandica-za-predsjednika-crne-gore\/","title":{"rendered":"DIK utvrdila kandidaturu Andrije Mandi\u0107a za Predsjednika Crne Gore"},"content":{"rendered":"<p><a href=\"https:\/\/dikcg.me\/wpold\/wp-content\/uploads\/2023\/02\/Rjesenje-Andrija-Mandic.pdf\">Rje\u0161enje o utvr\u0111ivanju kandidature<\/a><\/p>\n<p><a href=\"https:\/\/dikcg.me\/wpold\/wp-content\/uploads\/2023\/02\/Zakljucak-Andrija-Mandic.pdf\">Zaklju\u010dak za odre\u0111ivanje opunomo\u0107enog predstavnika u pro\u0161ireni sastav Dr\u017eavne izborne komisije<\/a><\/p>\n","protected":false},"excerpt":{"rendered":"Rje\u0161enje o utvr\u0111ivanju kandidature Zaklju\u010dak za odre\u0111ivanje opunomo\u0107enog predstavnika u pro\u0161ireni sastav Dr\u017eavne izborne komisije","protected":false},"author":56,"featured_media":0,"comment_status":"closed","ping_status":"closed","sticky":false,"template":"","format":"standard","meta":{"footnotes":""},"categories":[276],"tags":[],"_links":{"self":[{"href":"https:\/\/dikcg.me\/wpold\/wp-json\/wp\/v2\/posts\/8504"}],"collection":[{"href":"https:\/\/dikcg.me\/wpold\/wp-json\/wp\/v2\/posts"}],"about":[{"href":"https:\/\/dikcg.me\/wpold\/wp-json\/wp\/v2\/types\/post"}],"author":[{"embeddable":true,"href":"https:\/\/dikcg.me\/wpold\/wp-json\/wp\/v2\/users\/56"}],"replies":[{"embeddable":true,"href":"https:\/\/dikcg.me\/wpold\/wp-json\/wp\/v2\/comments?post=8504"}],"version-history":[{"count":2,"href":"https:\/\/dikcg.me\/wpold\/wp-json\/wp\/v2\/posts\/8504\/revisions"}],"predecessor-version":[{"id":8510,"href":"https:\/\/dikcg.me\/wpold\/wp-json\/wp\/v2\/posts\/8504\/revisions\/8510"}],"wp:attachment":[{"href":"https:\/\/dikcg.me\/wpold\/wp-json\/wp\/v2\/media?parent=8504"}],"wp:term":[{"taxonomy":"category","embeddable":true,"href":"https:\/\/dikcg.me\/wpold\/wp-json\/wp\/v2\/categories?post=8504"},{"taxonomy":"post_tag","embeddable":true,"href":"https:\/\/dikcg.me\/wpold\/wp-json\/wp\/v2\/tags?post=8504"}],"curies":[{"name":"wp","href":"https:\/\/api.w.org\/{rel}","templated":true}]}}