{"id":8484,"date":"2023-02-08T15:58:00","date_gmt":"2023-02-08T14:58:00","guid":{"rendered":"https:\/\/dikcg.me\/wpold\/?p=8484"},"modified":"2023-02-08T15:59:51","modified_gmt":"2023-02-08T14:59:51","slug":"sastanak-dik-a-i-predstavnika-posmatracke-misije-odihr-a-eom","status":"publish","type":"post","link":"https:\/\/dikcg.me\/wpold\/sastanak-dik-a-i-predstavnika-posmatracke-misije-odihr-a-eom\/","title":{"rendered":"Sastanak DIK-a i predstavnika posmatra\u010dke misije ODIHR-a (EOM)"},"content":{"rendered":"<p>Povodom odr\u017eavanja predstoje\u0107ih predsjedni\u010dkih izbora, koji su zakazani za 19. mart 2023. godine, predsjednik DIK-a Nikola Mugo\u0161a, sekretar Nikola Dedei\u0107, \u010dlan Milisav \u0106ori\u0107 i dio zaposlenih Slu\u017ebe Dr\u017eavne izborne komisije sastali su se sa \u0161efom posmatra\u010dke misije ODIHR-a (EOM) Tamasom Mecerisom i \u010dlanovima Misije.<\/p>\n<p>Na po\u010detku sastanka predsjednik Mugo\u0161a je pozdravio \u0161efa posmatra\u010dke misije Mecerisa i informisao o aktivnostima DIK-a u susret predsjedni\u010dkim izborima, nagla\u0161avaju\u0107i transparentnost rada DIK-a i dosada\u0161nju saradnju sa Misijom OEBS-a u Crnoj Gori, ODIHR-om, kao i civilnim sektorom. Tako\u0111e, predsjednik Mugo\u0161a je saop\u0161tio da je DIK potvrdila jednu kandidaturu predsjedni\u010dkog kandidata gospodina Andrije Mandi\u0107a.<\/p>\n<p>Sekretar Nikola Dedei\u0107 i \u010dlan Komisije Milisav \u0106ori\u0107 su iskazali spremnost za saradnju sa predstavnicima Misije ODIHR-a i tako\u0111e ih upoznali sa izazovima i obavezama koje ima Dr\u017eavna izborna komisija i organi za sprovo\u0111enje izbora u susret predsjedni\u010dkim izborima.<\/p>\n<p>\u0160ef posmatra\u010dke misije Tomas Meceris je izrazio zadovoljstvo zbog organizovanja sastanka i budu\u0107e saradnje i pojasnio ciljeve posmatra\u010dke misije ODIHR-a (EOM). U nastavku razgovora gospodin Meceris je informisao predstavnike DIK-a da \u0107e posmatra\u010dka misija uklju\u010divati 14 dugoro\u010dnih posmatra\u010da i anga\u017eovanje 100 kratkoro\u010dnih posmatra\u010da u cilju pra\u0107enja izbornog procesa i izbornog dana<\/p>\n<p>Gospodin Maceris je izrazio interesovanje za funkcionisanje op\u0161tinskih izbornih komisija u kojima izborni proces nije okon\u010dan, odnosno nijesu progla\u0161eni kona\u010dni rezultati izbora.<\/p>\n<p>Predsjednik DIK-a dr Nikola Mugo\u0161a je obavijestio predstavnike Misije da je DIK donijela mi\u0161ljenje u vezi funkcionisanja izbornih komisija u op\u0161tinama u kojima nijesu progla\u0161eni kona\u010dni rezultati izbora kao i izbornim komisijama \u010diji je mandat istekao.<\/p>\n<p>U nastavku razgovora \u010dlanovi posmatra\u010dke misije postavili su odre\u0111ena pitanja koja se ti\u010du funkcionisanja Dr\u017eavne izborne komisije, primjene izbornog zakonodavstva i transparentnosti rada DIK-a i ostalih organa za sprovo\u0111enje izbora.<\/p>\n<p>Na kraju razgovora zaklju\u010deno je da je potrebno da Dr\u017eavna izborna komisija i ODIHR kontinuirano odr\u017eavaju blisku saradnju i razmjenjuju informacije o funkcionisanju DIK-a i organa za sprovo\u0111enje izbora tokom sprovo\u0111enja aktivnosti u ovom izbornom procesu.<\/p>\n<p><img loading=\"lazy\" decoding=\"async\" class=\"alignnone wp-image-8485 size-large\" src=\"https:\/\/dikcg.me\/wpold\/wp-content\/uploads\/2023\/02\/image-odihr-3-700x329.jpg\" alt=\"\" width=\"700\" height=\"329\" srcset=\"https:\/\/dikcg.me\/wpold\/wp-content\/uploads\/2023\/02\/image-odihr-3-700x329.jpg 700w, https:\/\/dikcg.me\/wpold\/wp-content\/uploads\/2023\/02\/image-odihr-3-250x117.jpg 250w, https:\/\/dikcg.me\/wpold\/wp-content\/uploads\/2023\/02\/image-odihr-3-768x361.jpg 768w, https:\/\/dikcg.me\/wpold\/wp-content\/uploads\/2023\/02\/image-odihr-3-1536x721.jpg 1536w, https:\/\/dikcg.me\/wpold\/wp-content\/uploads\/2023\/02\/image-odihr-3-2048x962.jpg 2048w, https:\/\/dikcg.me\/wpold\/wp-content\/uploads\/2023\/02\/image-odihr-3-120x56.jpg 120w, https:\/\/dikcg.me\/wpold\/wp-content\/uploads\/2023\/02\/image-odihr-3-1320x620.jpg 1320w\" sizes=\"(max-width: 700px) 100vw, 700px\" \/><\/p>\n<p><img loading=\"lazy\" decoding=\"async\" class=\"alignnone wp-image-8487 size-large\" src=\"https:\/\/dikcg.me\/wpold\/wp-content\/uploads\/2023\/02\/Slika-odihr-2-700x609.jpg\" alt=\"\" width=\"700\" height=\"609\" srcset=\"https:\/\/dikcg.me\/wpold\/wp-content\/uploads\/2023\/02\/Slika-odihr-2-700x609.jpg 700w, https:\/\/dikcg.me\/wpold\/wp-content\/uploads\/2023\/02\/Slika-odihr-2-250x217.jpg 250w, https:\/\/dikcg.me\/wpold\/wp-content\/uploads\/2023\/02\/Slika-odihr-2-768x668.jpg 768w, https:\/\/dikcg.me\/wpold\/wp-content\/uploads\/2023\/02\/Slika-odihr-2-1536x1335.jpg 1536w, https:\/\/dikcg.me\/wpold\/wp-content\/uploads\/2023\/02\/Slika-odihr-2-2048x1780.jpg 2048w, https:\/\/dikcg.me\/wpold\/wp-content\/uploads\/2023\/02\/Slika-odihr-2-120x104.jpg 120w, https:\/\/dikcg.me\/wpold\/wp-content\/uploads\/2023\/02\/Slika-odihr-2-1320x1148.jpg 1320w\" sizes=\"(max-width: 700px) 100vw, 700px\" \/><\/p>\n","protected":false},"excerpt":{"rendered":"Povodom odr\u017eavanja predstoje\u0107ih predsjedni\u010dkih izbora, koji su zakazani za 19. mart 2023. godine, predsjednik DIK-a Nikola Mugo\u0161a, sekretar Nikola Dedei\u0107, \u010dlan Milisav \u0106ori\u0107 i dio zaposlenih Slu\u017ebe Dr\u017eavne izborne komisije sastali su se sa \u0161efom posmatra\u010dke misije ODIHR-a (EOM) Tamasom Mecerisom i \u010dlanovima Misije. Na po\u010detku sastanka predsjednik Mugo\u0161a je pozdravio \u0161efa posmatra\u010dke misije Mecerisa&#8230; <a href=\"https:\/\/dikcg.me\/wpold\/sastanak-dik-a-i-predstavnika-posmatracke-misije-odihr-a-eom\/\">Read more <i class=\"fas fa-angle-right\"><\/i><\/a>","protected":false},"author":56,"featured_media":0,"comment_status":"closed","ping_status":"closed","sticky":false,"template":"","format":"standard","meta":{"footnotes":""},"categories":[15],"tags":[],"_links":{"self":[{"href":"https:\/\/dikcg.me\/wpold\/wp-json\/wp\/v2\/posts\/8484"}],"collection":[{"href":"https:\/\/dikcg.me\/wpold\/wp-json\/wp\/v2\/posts"}],"about":[{"href":"https:\/\/dikcg.me\/wpold\/wp-json\/wp\/v2\/types\/post"}],"author":[{"embeddable":true,"href":"https:\/\/dikcg.me\/wpold\/wp-json\/wp\/v2\/users\/56"}],"replies":[{"embeddable":true,"href":"https:\/\/dikcg.me\/wpold\/wp-json\/wp\/v2\/comments?post=8484"}],"version-history":[{"count":1,"href":"https:\/\/dikcg.me\/wpold\/wp-json\/wp\/v2\/posts\/8484\/revisions"}],"predecessor-version":[{"id":8489,"href":"https:\/\/dikcg.me\/wpold\/wp-json\/wp\/v2\/posts\/8484\/revisions\/8489"}],"wp:attachment":[{"href":"https:\/\/dikcg.me\/wpold\/wp-json\/wp\/v2\/media?parent=8484"}],"wp:term":[{"taxonomy":"category","embeddable":true,"href":"https:\/\/dikcg.me\/wpold\/wp-json\/wp\/v2\/categories?post=8484"},{"taxonomy":"post_tag","embeddable":true,"href":"https:\/\/dikcg.me\/wpold\/wp-json\/wp\/v2\/tags?post=8484"}],"curies":[{"name":"wp","href":"https:\/\/api.w.org\/{rel}","templated":true}]}}