{"id":8302,"date":"2023-01-19T17:08:09","date_gmt":"2023-01-19T16:08:09","guid":{"rendered":"https:\/\/dikcg.me\/wpold\/?p=8302"},"modified":"2023-01-19T18:02:17","modified_gmt":"2023-01-19T17:02:17","slug":"saopstenje-za-javnost-4","status":"publish","type":"post","link":"https:\/\/dikcg.me\/wpold\/saopstenje-za-javnost-4\/","title":{"rendered":"Saop\u0161tenje za javnost"},"content":{"rendered":"<p>Dr\u017eavna izborna komisija izmijenila je Poslovnik o radu i otvorila sjednice za medije. Predvi\u0111eno je da \u0107e sjednicama mo\u0107i prisustvovati akreditovani predstavnici medija.<br \/>\nNikola Mugo\u0161a, predsjednik: &#8220;Po prvi put u ovom izbornom procesu predstavnici medija mo\u0107i \u0107e da prate sjednice DIK-a. Pove\u0107anje transparentnosti rada DIK-a jedna je od prioritetnih preporuka svih ODIHR-ovih izvje\u0161taja. Raduje me \u010dinjenica da \u0107e po prvi put u vi\u0161e od 30 godina vi\u0161eparlamentarizma u Crnoj Gori sjednice centralne institucije izbornog procesa biti otvorene za javnost. Zahvaljuju\u0107i donaciiji OEBS-a DIK \u0107e uskoro po\u010deti i direktan prenos sjednica na svom YouTube kanalu \u0161to \u0107e dodatno unaprijediti transparentnost izbornog procesa. Svaki bira\u010d, kandidat i politi\u010dki subjekt, kao i svi gra\u0111ani imaju pravo da budu detaljno upoznati kako vrhovni organ za sprovo\u0111enje izbora odlu\u010duje o njihovim pravima.&#8221;<br \/>\nDr\u017eavna izborna komisija donijela je danas i Kalendar rokova za sprovo\u0111enje izbornih radnji. Njime je pored ostalog predvi\u0111eno da se predlog kandidata za Predsjednika Crne Gore podnosi DIK-u najkasnije do 26 februara do 24h. DIK \u0107e listu kandidata za Predsjednika Crne Gore objaviti najkasnije do 3. marta.<br \/>\nDIK je donijela i Odluku kojom je propisano da je potreban broj potpisa podr\u0161ke bira\u010da za podr\u0161ku kandidatu za Predsjednika Crne Gore 8101.<br \/>\nDIK obavje\u0161tava javnost da je obrazac za dostavljanje potpisa podrske kandidatima izmijenjen u odnosu na obrazac koji je vazio za predsjedni\u010dke izbore 2018. godine. Obrazac je istaknut na web stranici DIK-a odakle mo\u017ee biti i preuzet.<\/p>\n","protected":false},"excerpt":{"rendered":"Dr\u017eavna izborna komisija izmijenila je Poslovnik o radu i otvorila sjednice za medije. Predvi\u0111eno je da \u0107e sjednicama mo\u0107i prisustvovati akreditovani predstavnici medija. Nikola Mugo\u0161a, predsjednik: &#8220;Po prvi put u ovom izbornom procesu predstavnici medija mo\u0107i \u0107e da prate sjednice DIK-a. Pove\u0107anje transparentnosti rada DIK-a jedna je od prioritetnih preporuka svih ODIHR-ovih izvje\u0161taja. Raduje me&#8230; <a href=\"https:\/\/dikcg.me\/wpold\/saopstenje-za-javnost-4\/\">Read more <i class=\"fas fa-angle-right\"><\/i><\/a>","protected":false},"author":56,"featured_media":0,"comment_status":"closed","ping_status":"closed","sticky":false,"template":"","format":"standard","meta":{"footnotes":""},"categories":[15],"tags":[],"_links":{"self":[{"href":"https:\/\/dikcg.me\/wpold\/wp-json\/wp\/v2\/posts\/8302"}],"collection":[{"href":"https:\/\/dikcg.me\/wpold\/wp-json\/wp\/v2\/posts"}],"about":[{"href":"https:\/\/dikcg.me\/wpold\/wp-json\/wp\/v2\/types\/post"}],"author":[{"embeddable":true,"href":"https:\/\/dikcg.me\/wpold\/wp-json\/wp\/v2\/users\/56"}],"replies":[{"embeddable":true,"href":"https:\/\/dikcg.me\/wpold\/wp-json\/wp\/v2\/comments?post=8302"}],"version-history":[{"count":2,"href":"https:\/\/dikcg.me\/wpold\/wp-json\/wp\/v2\/posts\/8302\/revisions"}],"predecessor-version":[{"id":8304,"href":"https:\/\/dikcg.me\/wpold\/wp-json\/wp\/v2\/posts\/8302\/revisions\/8304"}],"wp:attachment":[{"href":"https:\/\/dikcg.me\/wpold\/wp-json\/wp\/v2\/media?parent=8302"}],"wp:term":[{"taxonomy":"category","embeddable":true,"href":"https:\/\/dikcg.me\/wpold\/wp-json\/wp\/v2\/categories?post=8302"},{"taxonomy":"post_tag","embeddable":true,"href":"https:\/\/dikcg.me\/wpold\/wp-json\/wp\/v2\/tags?post=8302"}],"curies":[{"name":"wp","href":"https:\/\/api.w.org\/{rel}","templated":true}]}}