{"id":8298,"date":"2023-01-19T15:58:51","date_gmt":"2023-01-19T14:58:51","guid":{"rendered":"https:\/\/dikcg.me\/wpold\/?p=8298"},"modified":"2023-01-19T15:58:51","modified_gmt":"2023-01-19T14:58:51","slug":"kalendar-rokova-za-sprovodenje-izbornih-radnji-2","status":"publish","type":"post","link":"https:\/\/dikcg.me\/wpold\/kalendar-rokova-za-sprovodenje-izbornih-radnji-2\/","title":{"rendered":"Kalendar rokova za sprovo\u0111enje izbornih radnji"},"content":{"rendered":"<p><a href=\"https:\/\/dikcg.me\/wpold\/wp-content\/uploads\/2023\/01\/Kalendar-rokova-za-sprovodenje-izbornih-radnji.....pdf\">Kalendar rokova za sprovo\u0111enje izbornih radnji na izborima za izbor Predsjednika Crne Gore koji \u0107e se odr\u017eati 19. marta 2023. godine<\/a><\/p>\n","protected":false},"excerpt":{"rendered":"Kalendar rokova za sprovo\u0111enje izbornih radnji na izborima za izbor Predsjednika Crne Gore koji \u0107e se odr\u017eati 19. marta 2023. godine","protected":false},"author":56,"featured_media":0,"comment_status":"closed","ping_status":"closed","sticky":false,"template":"","format":"standard","meta":{"footnotes":""},"categories":[276],"tags":[],"_links":{"self":[{"href":"https:\/\/dikcg.me\/wpold\/wp-json\/wp\/v2\/posts\/8298"}],"collection":[{"href":"https:\/\/dikcg.me\/wpold\/wp-json\/wp\/v2\/posts"}],"about":[{"href":"https:\/\/dikcg.me\/wpold\/wp-json\/wp\/v2\/types\/post"}],"author":[{"embeddable":true,"href":"https:\/\/dikcg.me\/wpold\/wp-json\/wp\/v2\/users\/56"}],"replies":[{"embeddable":true,"href":"https:\/\/dikcg.me\/wpold\/wp-json\/wp\/v2\/comments?post=8298"}],"version-history":[{"count":1,"href":"https:\/\/dikcg.me\/wpold\/wp-json\/wp\/v2\/posts\/8298\/revisions"}],"predecessor-version":[{"id":8301,"href":"https:\/\/dikcg.me\/wpold\/wp-json\/wp\/v2\/posts\/8298\/revisions\/8301"}],"wp:attachment":[{"href":"https:\/\/dikcg.me\/wpold\/wp-json\/wp\/v2\/media?parent=8298"}],"wp:term":[{"taxonomy":"category","embeddable":true,"href":"https:\/\/dikcg.me\/wpold\/wp-json\/wp\/v2\/categories?post=8298"},{"taxonomy":"post_tag","embeddable":true,"href":"https:\/\/dikcg.me\/wpold\/wp-json\/wp\/v2\/tags?post=8298"}],"curies":[{"name":"wp","href":"https:\/\/api.w.org\/{rel}","templated":true}]}}