{"id":8105,"date":"2022-12-04T17:39:52","date_gmt":"2022-12-04T16:39:52","guid":{"rendered":"https:\/\/dikcg.me\/wpold\/?p=8105"},"modified":"2022-12-20T11:41:05","modified_gmt":"2022-12-20T10:41:05","slug":"usvajen-prigovor-janka-odovica-u-ime-izborne-liste-evropa-sad-za-podgoricu","status":"publish","type":"post","link":"https:\/\/dikcg.me\/wpold\/usvajen-prigovor-janka-odovica-u-ime-izborne-liste-evropa-sad-za-podgoricu\/","title":{"rendered":"Usvojen Prigovor Janka Odovi\u0107a u ime izborne liste \u201eEvropa sad! Za Podgoricu\u201c"},"content":{"rendered":"<p>Na osnovu \u010dlana 109 Zakona o izboru odbornika i poslanika (&#8220;Slu\u017ebeni list RCG&#8221;, br. 4\/98, 5\/98, 17\/98, 14\/00, 18\/00, 73\/00, 9\/01, 41\/02, 46\/02, 45\/04, 48\/06, 56\/06 i \u201cSlu\u017ebeni list CG\u201d, broj: 46\/11, 14\/14, 47\/14, 12\/16, 60\/17, 10\/18 i 109\/20), odlu\u010duju\u0107i po Prigovoru Janka Odovi\u0107a, ovla\u0161\u0107enog predstavnika u IKGG, u ime izborne liste \u201eEvropa sad! Za Podgoricu\u201c Pokreta Evropa sad! broj: 630 na rad Izborne komisije Glavnog grada, podnijetom Dr\u017eavnoj izbornoj komisiji 03.12.2022. godine u 21:36 sati, Dr\u017eavna izborna komisija na sjednici odr\u017eanoj 3. decembra 2022. godine zapo\u010detoj u 11:00 sati a nastavljenoj u 19:00, donijela je<\/p>\n<p style=\"text-align: center;\"><a href=\"https:\/\/dikcg.me\/wpold\/wp-content\/uploads\/2022\/12\/22-630-Janko-Odovic-PG.pdf\"><strong>R J E \u0160 E NJ E<\/strong><\/a><\/p>\n<p><strong>\u00a0I Usvaja se <\/strong>Prigovor Janka Odovi\u0107a, ovla\u0161\u0107enog predstavnika u IKGG, podnijetog u ime izborne liste \u201eEvropa sad! Za Podgoricu\u201c Pokreta Evropa sad! broj: 630 od 3.12.2022. godine na rad Izborne komisije Glavnog grada.<\/p>\n<p><strong>II Nala\u017ee se <\/strong>predsjedniku Izborne komisije Glavnog grada da nakon otvaranja sjednice, a prije utvr\u0111ivanja dnevnog reda, dozvoli \u010dlanu izborne komisije da dostavi predlog dopune dnevnog reda o kome se Izborna komisija izja\u0161njava kao kolektivni organ.<\/p>\n<p><strong>III Nala\u017ee se <\/strong>predsjedniku Izborne komisije da u slu\u010daju usvajanja predloga za dopunu dnevnog reda dozvoli nastavak sjednice Izborne komisije, kako bi se Izborna komisija kao kolektivni organ izjasnila po svim usvojenim ta\u010dkama dnevnog reda.<\/p>\n<p><strong>IV Nala\u017ee se <\/strong>predsjedniku Izborne komisije da potpi\u0161e i dozvoli ovjeravanje pe\u010datom svih akata Izborne komisije koja su usvojena ve\u0107inom glasova svih \u010dlanova izborne komisije u skladu sa Zakonom i Poslovnikom.<\/p>\n","protected":false},"excerpt":{"rendered":"Na osnovu \u010dlana 109 Zakona o izboru odbornika i poslanika (&#8220;Slu\u017ebeni list RCG&#8221;, br. 4\/98, 5\/98, 17\/98, 14\/00, 18\/00, 73\/00, 9\/01, 41\/02, 46\/02, 45\/04, 48\/06, 56\/06 i \u201cSlu\u017ebeni list CG\u201d, broj: 46\/11, 14\/14, 47\/14, 12\/16, 60\/17, 10\/18 i 109\/20), odlu\u010duju\u0107i po Prigovoru Janka Odovi\u0107a, ovla\u0161\u0107enog predstavnika u IKGG, u ime izborne liste \u201eEvropa sad! Za&#8230; <a href=\"https:\/\/dikcg.me\/wpold\/usvajen-prigovor-janka-odovica-u-ime-izborne-liste-evropa-sad-za-podgoricu\/\">Read more <i class=\"fas fa-angle-right\"><\/i><\/a>","protected":false},"author":56,"featured_media":0,"comment_status":"closed","ping_status":"closed","sticky":false,"template":"","format":"standard","meta":{"footnotes":""},"categories":[17],"tags":[242],"_links":{"self":[{"href":"https:\/\/dikcg.me\/wpold\/wp-json\/wp\/v2\/posts\/8105"}],"collection":[{"href":"https:\/\/dikcg.me\/wpold\/wp-json\/wp\/v2\/posts"}],"about":[{"href":"https:\/\/dikcg.me\/wpold\/wp-json\/wp\/v2\/types\/post"}],"author":[{"embeddable":true,"href":"https:\/\/dikcg.me\/wpold\/wp-json\/wp\/v2\/users\/56"}],"replies":[{"embeddable":true,"href":"https:\/\/dikcg.me\/wpold\/wp-json\/wp\/v2\/comments?post=8105"}],"version-history":[{"count":2,"href":"https:\/\/dikcg.me\/wpold\/wp-json\/wp\/v2\/posts\/8105\/revisions"}],"predecessor-version":[{"id":8147,"href":"https:\/\/dikcg.me\/wpold\/wp-json\/wp\/v2\/posts\/8105\/revisions\/8147"}],"wp:attachment":[{"href":"https:\/\/dikcg.me\/wpold\/wp-json\/wp\/v2\/media?parent=8105"}],"wp:term":[{"taxonomy":"category","embeddable":true,"href":"https:\/\/dikcg.me\/wpold\/wp-json\/wp\/v2\/categories?post=8105"},{"taxonomy":"post_tag","embeddable":true,"href":"https:\/\/dikcg.me\/wpold\/wp-json\/wp\/v2\/tags?post=8105"}],"curies":[{"name":"wp","href":"https:\/\/api.w.org\/{rel}","templated":true}]}}