{"id":8090,"date":"2022-12-03T22:52:17","date_gmt":"2022-12-03T21:52:17","guid":{"rendered":"https:\/\/dikcg.me\/wpold\/?p=8090"},"modified":"2022-12-03T22:52:17","modified_gmt":"2022-12-03T21:52:17","slug":"saopstenje-sa-64-sjednice","status":"publish","type":"post","link":"https:\/\/dikcg.me\/wpold\/saopstenje-sa-64-sjednice\/","title":{"rendered":"Saop\u0161tenje sa 64. sjednice"},"content":{"rendered":"<p>Dr\u017eavna izborna komisija usvojila je ve\u010deras prigovor Janka Odovi\u0107a u ime izborne liste \u201eEvropa sad \u2013 Za Podgoricu\u201c. DIK je nalo\u017eila predsjedniku Izborne komisije Glavnog grada da je du\u017ean nakon otvaranja sjednice, a prije utvr\u0111ivanja dnevnog reda, da dozvoli \u010dlanu izborne komisije da dostavi predlog dopune dnevnog reda o kome se Izborna komisija izja\u0161njava kao kolektivni organ. DIK je nalo\u017eila predsjedniku Izborne komisije Glavnog grada da je du\u017ean da u slu\u010daju usvajanja dopuna dnevnog reda dozvoli nastavak sjednice Izborne komisije, te da je du\u017ean da omogu\u0107i potpisivanje i ovjeravanje pe\u010datom svih akata Izborne komisije koji su usvojeni ve\u0107inom glasova svih \u010dlanova u skladu sa Zakonom i Poslovnikom.<\/p>\n<p>Dr\u017eavna izborna komisija odbila je prigovor \u010caslava Ve\u0161ovi\u0107a kojim je tra\u017eio da se utvrdi da Marko Mihailovi\u0107, opunomo\u0107eni predstavnik izborne liste Demokratskog fronta nije mogao da u\u010destvuje u radu na sjednici Izborne komisije Glavnog grada.<\/p>\n<p>DIK je usvojila prigovor OO DPS-a da nije u skladu sa Zakonom i Poslovnikom odrediti \u010dlana koji mo\u017ee zamjenjivati predsjednika Izborne komisije Glavnog grada, izuzev njegovog zamjenika, kojeg imenuje Skup\u0161tina Glavnog grada.<\/p>\n<p>Komisija \u0107e nakon izrade rje\u0161enja ista dostaviti podnosiocima koja \u0107e sadr\u017eati detaljna obrazlo\u017eenja navedenih odluka, a ista \u0107e biti objavljena i na web stranici.<\/p>\n","protected":false},"excerpt":{"rendered":"Dr\u017eavna izborna komisija usvojila je ve\u010deras prigovor Janka Odovi\u0107a u ime izborne liste \u201eEvropa sad \u2013 Za Podgoricu\u201c. DIK je nalo\u017eila predsjedniku Izborne komisije Glavnog grada da je du\u017ean nakon otvaranja sjednice, a prije utvr\u0111ivanja dnevnog reda, da dozvoli \u010dlanu izborne komisije da dostavi predlog dopune dnevnog reda o kome se Izborna komisija izja\u0161njava kao&#8230; <a href=\"https:\/\/dikcg.me\/wpold\/saopstenje-sa-64-sjednice\/\">Read more <i class=\"fas fa-angle-right\"><\/i><\/a>","protected":false},"author":56,"featured_media":0,"comment_status":"closed","ping_status":"closed","sticky":false,"template":"","format":"standard","meta":{"footnotes":""},"categories":[15,18],"tags":[],"_links":{"self":[{"href":"https:\/\/dikcg.me\/wpold\/wp-json\/wp\/v2\/posts\/8090"}],"collection":[{"href":"https:\/\/dikcg.me\/wpold\/wp-json\/wp\/v2\/posts"}],"about":[{"href":"https:\/\/dikcg.me\/wpold\/wp-json\/wp\/v2\/types\/post"}],"author":[{"embeddable":true,"href":"https:\/\/dikcg.me\/wpold\/wp-json\/wp\/v2\/users\/56"}],"replies":[{"embeddable":true,"href":"https:\/\/dikcg.me\/wpold\/wp-json\/wp\/v2\/comments?post=8090"}],"version-history":[{"count":1,"href":"https:\/\/dikcg.me\/wpold\/wp-json\/wp\/v2\/posts\/8090\/revisions"}],"predecessor-version":[{"id":8091,"href":"https:\/\/dikcg.me\/wpold\/wp-json\/wp\/v2\/posts\/8090\/revisions\/8091"}],"wp:attachment":[{"href":"https:\/\/dikcg.me\/wpold\/wp-json\/wp\/v2\/media?parent=8090"}],"wp:term":[{"taxonomy":"category","embeddable":true,"href":"https:\/\/dikcg.me\/wpold\/wp-json\/wp\/v2\/categories?post=8090"},{"taxonomy":"post_tag","embeddable":true,"href":"https:\/\/dikcg.me\/wpold\/wp-json\/wp\/v2\/tags?post=8090"}],"curies":[{"name":"wp","href":"https:\/\/api.w.org\/{rel}","templated":true}]}}