{"id":8065,"date":"2022-12-01T18:40:03","date_gmt":"2022-12-01T17:40:03","guid":{"rendered":"https:\/\/dikcg.me\/wpold\/?p=8065"},"modified":"2022-12-01T18:40:03","modified_gmt":"2022-12-01T17:40:03","slug":"usvojen-prigovor-mr-jakova-milatovica-na-rad-izborne-komisije-glavnog-grada","status":"publish","type":"post","link":"https:\/\/dikcg.me\/wpold\/usvojen-prigovor-mr-jakova-milatovica-na-rad-izborne-komisije-glavnog-grada\/","title":{"rendered":"Usvojen Prigovor mr Jakova Milatovi\u0107a na rad Izborne komisije Glavnog grada"},"content":{"rendered":"<p>Na osnovu \u010dlana 109 Zakona o izboru odbornika i poslanika (&#8220;Slu\u017ebeni list RCG&#8221;, br. 4\/98, 5\/98, 17\/98, 14\/00, 18\/00, 73\/00, 9\/01, 41\/02, 46\/02, 45\/04, 48\/06, 56\/06 i \u201cSlu\u017ebeni list CG\u201d, broj: 46\/11, 14\/14, 47\/14, 12\/16, 60\/17, 10\/18 i 109\/20), odlu\u010duju\u0107i po Prigovoru mr Jakova Milatovi\u0107a u ime podnosioca izborne liste \u201ePokret Evropa Sad \u2013 Za Podgoricu\u201c broj: 620 na rad Izborne komisije Glavnog grada, podnijetom Dr\u017eavnoj izbornoj komisiji 30.11.2022. godine u 16:55 sati, Dr\u017eavna izborna komisija na sjednici odr\u017eanoj 1. decembra 2022. godine u 10 sati, donijela je<\/p>\n<p style=\"text-align: center;\"><a href=\"https:\/\/dikcg.me\/wpold\/wp-content\/uploads\/2022\/12\/Rjesenje-ES-1.12..pdf\"><strong>R J E \u0160 E NJ E<\/strong><\/a><\/p>\n<p><strong>I Usvaja<\/strong> <strong>se<\/strong> Prigovor mr Jakova Milatovi\u0107a u ime podnosioca izborne liste \u201ePokret Evropa Sad \u2013 Za Podgoricu\u201c broj: 620 od 30.11.2022. godine izjavljen na rad Izborne komisije Glavnog grada.<\/p>\n<p><strong>II Utvr\u0111uje se<\/strong> da je Izborna komisija Glavnog grada propustila da o Prigovoru broj: IKGG 5987\/22 od 29.11.2022. godine odlu\u010di u zakonskom roku.<\/p>\n<p><strong>III Utvr\u0111uje se <\/strong>da se Prigovor podnesen Izbornoj komisiji Glavnog grada sa predlo\u017eenim dispozitivom smatra usvojenim.<\/p>\n","protected":false},"excerpt":{"rendered":"Na osnovu \u010dlana 109 Zakona o izboru odbornika i poslanika (&#8220;Slu\u017ebeni list RCG&#8221;, br. 4\/98, 5\/98, 17\/98, 14\/00, 18\/00, 73\/00, 9\/01, 41\/02, 46\/02, 45\/04, 48\/06, 56\/06 i \u201cSlu\u017ebeni list CG\u201d, broj: 46\/11, 14\/14, 47\/14, 12\/16, 60\/17, 10\/18 i 109\/20), odlu\u010duju\u0107i po Prigovoru mr Jakova Milatovi\u0107a u ime podnosioca izborne liste \u201ePokret Evropa Sad \u2013 Za&#8230; <a href=\"https:\/\/dikcg.me\/wpold\/usvojen-prigovor-mr-jakova-milatovica-na-rad-izborne-komisije-glavnog-grada\/\">Read more <i class=\"fas fa-angle-right\"><\/i><\/a>","protected":false},"author":56,"featured_media":0,"comment_status":"closed","ping_status":"closed","sticky":false,"template":"","format":"standard","meta":{"footnotes":""},"categories":[17],"tags":[242],"_links":{"self":[{"href":"https:\/\/dikcg.me\/wpold\/wp-json\/wp\/v2\/posts\/8065"}],"collection":[{"href":"https:\/\/dikcg.me\/wpold\/wp-json\/wp\/v2\/posts"}],"about":[{"href":"https:\/\/dikcg.me\/wpold\/wp-json\/wp\/v2\/types\/post"}],"author":[{"embeddable":true,"href":"https:\/\/dikcg.me\/wpold\/wp-json\/wp\/v2\/users\/56"}],"replies":[{"embeddable":true,"href":"https:\/\/dikcg.me\/wpold\/wp-json\/wp\/v2\/comments?post=8065"}],"version-history":[{"count":1,"href":"https:\/\/dikcg.me\/wpold\/wp-json\/wp\/v2\/posts\/8065\/revisions"}],"predecessor-version":[{"id":8068,"href":"https:\/\/dikcg.me\/wpold\/wp-json\/wp\/v2\/posts\/8065\/revisions\/8068"}],"wp:attachment":[{"href":"https:\/\/dikcg.me\/wpold\/wp-json\/wp\/v2\/media?parent=8065"}],"wp:term":[{"taxonomy":"category","embeddable":true,"href":"https:\/\/dikcg.me\/wpold\/wp-json\/wp\/v2\/categories?post=8065"},{"taxonomy":"post_tag","embeddable":true,"href":"https:\/\/dikcg.me\/wpold\/wp-json\/wp\/v2\/tags?post=8065"}],"curies":[{"name":"wp","href":"https:\/\/api.w.org\/{rel}","templated":true}]}}