{"id":8020,"date":"2022-04-12T12:52:26","date_gmt":"2022-04-12T11:52:26","guid":{"rendered":"https:\/\/dikcg.me\/wpold\/?p=8020"},"modified":"2022-11-28T11:59:41","modified_gmt":"2022-11-28T10:59:41","slug":"zapisnik-sa-25-sjednice-2","status":"publish","type":"post","link":"https:\/\/dikcg.me\/wpold\/zapisnik-sa-25-sjednice-2\/","title":{"rendered":"Zapisnik sa 25. sjednice"},"content":{"rendered":"<p><strong>Ad \u2013 1 <\/strong><br \/>\nKomisija je ve\u0107inom glasova usvojila zapisnik sa 23. sjednice Komisije. Uzdr\u017eani su bili 2 zamjenika \u010dlana koji nijesu prisustvovali sjednici.<br \/>\nKomisija je ve\u0107inom glasova usvojila zapisnik sa 24. sjednice Komisije. Uzdr\u017ean je bio\u00a0 \u00a0zamjenik \u010dlana koji nije prisustvovao sjednici.<\/p>\n<p><strong>Ad \u2013 2 <\/strong><br \/>\nKomisija je dala Mi\u0161ljenje po Zahtjevu za mi\u0161ljenje sekretara Skup\u0161tine Prijestonice Cetinje broj 183 od 06.04.2022. godine.<br \/>\nMi\u0161ljenje je dostavljeno sekretaru Skup\u0161tine Prijestonice Cetinje i objavljeno na web stranici komisije.<\/p>\n<p><strong>Ad \u2013 3<\/strong><br \/>\nKomisija je razmotrila Zahtjev za mi\u0161ljenje predsjednika Skup\u0161tine op\u0161tine Nik\u0161i\u0107 broj 186 od 07.04.2022. godine u vezi primjene \u010dlana 25 Zakona o izboru odbornika i poslanika koji se odnosi na imenovanje op\u0161tinske izborne komisije, i konstatovala da je ve\u0107 zauzela stav o tom pitanju u Mi\u0161ljenju broj 219\/2 od 15.05.2021. godine.<br \/>\nMi\u0161ljenje broj 219\/2 od 15.05.2021. godine je dostavljeno predsjedniku Skup\u0161tine op\u0161tine Nik\u0161i\u0107.<\/p>\n<p><strong>Ad \u2013 4<\/strong><br \/>\nSekretar Dr\u017eavne izborne komisije upoznao je \u010dlanove Komisije sa Predlogom pravilnika o unutra\u0161njoj organizaciji i sistematizaciji Slu\u017ebe Dr\u017eavne izborne komisije.<br \/>\nPredlog pravilnika bi\u0107e upu\u0107en Administrativnom odboru Skup\u0161tine Crne Gore saglasno Zakonu o izboru odbornika i poslanika.<\/p>\n<p><strong>Ad \u2013 5<\/strong><br \/>\nPredsjednik Dr\u017eavne izborne komisije informisao je \u010dlanove Komisije o inicijativi Centra za demokratsku tranziciju (CDT) za zaklju\u010divanje Memoranduma o saradnji izme\u0111u Dr\u017eavne izborne komisije i Centra za demokratsku tranziciju.<br \/>\nKomisija je ovlastila predsjednika da zaklju\u010di Memorandum o saradnji sa Centrom za demokratsku tranziciju.<br \/>\nKomisija je uvidom u Izborni kalendar za sprovo\u0111enje izbornih radnji za izbor odbornika u Skup\u0161tini op\u0161tine \u017dabljak broj 01-023\/22-2 koji je donijela Op\u0161tinska izborna komisija \u017dabljak dana 07.04.2022. godine utvrdila\u00a0 da isti ne sadr\u017ei sve rokove za sprovo\u0111enje izbornih radnji,\u00a0 da rokovi u Kalendaru nijesu utvr\u0111eni u skladu sa Zakonom o izboru odbornika i poslanika i da Kalendar nije objavljen saglasno \u010dlanu 27 stav 2 Zakona o izboru odbornika i poslanika na zvani\u010dnoj web stranici <a href=\"https:\/\/dikcg.me\/wpold\/zabljak\">https:\/\/dikcg.me\/wpold\/zabljak<\/a>, pa je imaju\u0107i u vidu nadle\u017enost Dr\u017eavne izborne komisije koja se odnosi na staranje o zakonitom sprovo\u0111enju izbora i jedinstvenoj primjeni Zakona o izboru odbornika i poslanika, kao i na uskla\u0111ivanje rada op\u0161tinskih izbornih komisija, te vr\u0161enje nadzora nad njihovim radom, uputila dopis Op\u0161tinskoj izbornoj komisiji \u017dabljak u kojem je detaljno ukazala na nedostatke i upozorila op\u0161tinsku izbornu komisiju na obavezu dono\u0161enja kalendara sa svim rokovima definisanim Zakonom i obavezu njegovog objavljivanja na web stranici https:\/\/dikcg.me\/wpold\/zabljak<\/p>\n","protected":false},"excerpt":{"rendered":"Ad \u2013 1 Komisija je ve\u0107inom glasova usvojila zapisnik sa 23. sjednice Komisije. Uzdr\u017eani su bili 2 zamjenika \u010dlana koji nijesu prisustvovali sjednici. Komisija je ve\u0107inom glasova usvojila zapisnik sa 24. sjednice Komisije. Uzdr\u017ean je bio\u00a0 \u00a0zamjenik \u010dlana koji nije prisustvovao sjednici. Ad \u2013 2 Komisija je dala Mi\u0161ljenje po Zahtjevu za mi\u0161ljenje sekretara Skup\u0161tine&#8230; <a href=\"https:\/\/dikcg.me\/wpold\/zapisnik-sa-25-sjednice-2\/\">Read more <i class=\"fas fa-angle-right\"><\/i><\/a>","protected":false},"author":56,"featured_media":0,"comment_status":"closed","ping_status":"closed","sticky":false,"template":"","format":"standard","meta":{"footnotes":""},"categories":[18],"tags":[247],"_links":{"self":[{"href":"https:\/\/dikcg.me\/wpold\/wp-json\/wp\/v2\/posts\/8020"}],"collection":[{"href":"https:\/\/dikcg.me\/wpold\/wp-json\/wp\/v2\/posts"}],"about":[{"href":"https:\/\/dikcg.me\/wpold\/wp-json\/wp\/v2\/types\/post"}],"author":[{"embeddable":true,"href":"https:\/\/dikcg.me\/wpold\/wp-json\/wp\/v2\/users\/56"}],"replies":[{"embeddable":true,"href":"https:\/\/dikcg.me\/wpold\/wp-json\/wp\/v2\/comments?post=8020"}],"version-history":[{"count":1,"href":"https:\/\/dikcg.me\/wpold\/wp-json\/wp\/v2\/posts\/8020\/revisions"}],"predecessor-version":[{"id":8023,"href":"https:\/\/dikcg.me\/wpold\/wp-json\/wp\/v2\/posts\/8020\/revisions\/8023"}],"wp:attachment":[{"href":"https:\/\/dikcg.me\/wpold\/wp-json\/wp\/v2\/media?parent=8020"}],"wp:term":[{"taxonomy":"category","embeddable":true,"href":"https:\/\/dikcg.me\/wpold\/wp-json\/wp\/v2\/categories?post=8020"},{"taxonomy":"post_tag","embeddable":true,"href":"https:\/\/dikcg.me\/wpold\/wp-json\/wp\/v2\/tags?post=8020"}],"curies":[{"name":"wp","href":"https:\/\/api.w.org\/{rel}","templated":true}]}}