{"id":8010,"date":"2022-11-22T17:03:47","date_gmt":"2022-11-22T16:03:47","guid":{"rendered":"https:\/\/dikcg.me\/wpold\/?p=8010"},"modified":"2022-11-22T17:03:47","modified_gmt":"2022-11-22T16:03:47","slug":"mugosa-na-okupljanju-izbornih-zvanicnika-u-stokholmu-u-organizaciji-international-idea","status":"publish","type":"post","link":"https:\/\/dikcg.me\/wpold\/mugosa-na-okupljanju-izbornih-zvanicnika-u-stokholmu-u-organizaciji-international-idea\/","title":{"rendered":"Mugo\u0161a na okupljanju izbornih zvani\u010dnika u \u0160tokholmu u organizaciji International IDEA"},"content":{"rendered":"<p>Predsjednik Dr\u017eavne izborne komisije Nikola Mugo\u0161a u\u010destvovao je na doga\u0111aju u organizaciji Instituta za demokratiju i izbornu podr\u0161ku (International IDEA) u vezi izlo\u017eenosti javno prepoznatljivih izbornih zvani\u010dnika dezinformacijama.<\/p>\n<p>Predsjednici i biv\u0161i predsjednici centralnih izbornih tijela iz cijelog svijeta okupili su se u cilju razmjene iskustva u kojima su bili meta dezinformacija i online agresivnog pona\u0161anja. Doga\u0111aj je organizovan u cilju razmjene informacija na koji na\u010din izborna tijela treba da reaguju u slu\u010daju ovakvih napada.<\/p>\n<p>Posebno zabrinjavaju\u0107e je da su meta agresivnog pona\u0161anja u online prostoru \u017eene u izbornim komisijama, \u0161to je bio poseban predmet diskusije. Na doga\u0111aju su mapirani faktori rizika koji su povezani sa navedenim praksama, date preporuke u vezi mogu\u0107e podr\u0161ke u slu\u010daju targetiranja dezinformacijama ali i razgovarano o na\u010dinima na koji me\u0111unarodne organizacije mogu da pomognu u slu\u010daju napada na izborne zvani\u010dnike i izborna tijela.<\/p>\n","protected":false},"excerpt":{"rendered":"Predsjednik Dr\u017eavne izborne komisije Nikola Mugo\u0161a u\u010destvovao je na doga\u0111aju u organizaciji Instituta za demokratiju i izbornu podr\u0161ku (International IDEA) u vezi izlo\u017eenosti javno prepoznatljivih izbornih zvani\u010dnika dezinformacijama. Predsjednici i biv\u0161i predsjednici centralnih izbornih tijela iz cijelog svijeta okupili su se u cilju razmjene iskustva u kojima su bili meta dezinformacija i online agresivnog pona\u0161anja&#8230;. <a href=\"https:\/\/dikcg.me\/wpold\/mugosa-na-okupljanju-izbornih-zvanicnika-u-stokholmu-u-organizaciji-international-idea\/\">Read more <i class=\"fas fa-angle-right\"><\/i><\/a>","protected":false},"author":56,"featured_media":0,"comment_status":"closed","ping_status":"closed","sticky":false,"template":"","format":"standard","meta":{"footnotes":""},"categories":[15],"tags":[],"_links":{"self":[{"href":"https:\/\/dikcg.me\/wpold\/wp-json\/wp\/v2\/posts\/8010"}],"collection":[{"href":"https:\/\/dikcg.me\/wpold\/wp-json\/wp\/v2\/posts"}],"about":[{"href":"https:\/\/dikcg.me\/wpold\/wp-json\/wp\/v2\/types\/post"}],"author":[{"embeddable":true,"href":"https:\/\/dikcg.me\/wpold\/wp-json\/wp\/v2\/users\/56"}],"replies":[{"embeddable":true,"href":"https:\/\/dikcg.me\/wpold\/wp-json\/wp\/v2\/comments?post=8010"}],"version-history":[{"count":1,"href":"https:\/\/dikcg.me\/wpold\/wp-json\/wp\/v2\/posts\/8010\/revisions"}],"predecessor-version":[{"id":8011,"href":"https:\/\/dikcg.me\/wpold\/wp-json\/wp\/v2\/posts\/8010\/revisions\/8011"}],"wp:attachment":[{"href":"https:\/\/dikcg.me\/wpold\/wp-json\/wp\/v2\/media?parent=8010"}],"wp:term":[{"taxonomy":"category","embeddable":true,"href":"https:\/\/dikcg.me\/wpold\/wp-json\/wp\/v2\/categories?post=8010"},{"taxonomy":"post_tag","embeddable":true,"href":"https:\/\/dikcg.me\/wpold\/wp-json\/wp\/v2\/tags?post=8010"}],"curies":[{"name":"wp","href":"https:\/\/api.w.org\/{rel}","templated":true}]}}