{"id":7969,"date":"2022-11-15T09:32:42","date_gmt":"2022-11-15T08:32:42","guid":{"rendered":"https:\/\/dikcg.me\/wpold\/?p=7969"},"modified":"2022-11-15T09:32:42","modified_gmt":"2022-11-15T08:32:42","slug":"mugosa-i-dedeic-na-sastanku-subregionalne-radne-grupe-medunarodne-fondacije-za-izborne-sisteme-u-tirani","status":"publish","type":"post","link":"https:\/\/dikcg.me\/wpold\/mugosa-i-dedeic-na-sastanku-subregionalne-radne-grupe-medunarodne-fondacije-za-izborne-sisteme-u-tirani\/","title":{"rendered":"Mugo\u0161a i Dedei\u0107 na sastanku subregionalne radne grupe Me\u0111unarodne fondacije za izborne sisteme u Tirani"},"content":{"rendered":"<p>Predsjednik DIK Nikola Mugo\u0161a i sekretar Nikola Dedei\u0107 u\u010destvuju na sastanku subregionalne radne grupe Me\u0111unarodne fondacije za izborne sisteme koji se odr\u017eava u Tirani.<\/p>\n<p>Na sastanku se razmatraju pitanja u vezi upotrebe tehnologija u izbornom procesu i izazova sa kojim se izborna tijela i sudovi suo\u010davaju tokom izbornog procesa kada je u pitanju digitalizacija izbora.<\/p>\n<p>Tokom drugog dana sastanka tema je uloga \u017eena u izbornom procesu sa posebnim osvrtom na u\u010de\u0161\u0107e \u017eena kao arbitara u izbornom postupku.<\/p>\n<p><img loading=\"lazy\" decoding=\"async\" class=\"alignnone wp-image-7972 size-large\" src=\"https:\/\/dikcg.me\/wpold\/wp-content\/uploads\/2022\/11\/IMG-5322--700x525.jpg\" alt=\"\" width=\"700\" height=\"525\" srcset=\"https:\/\/dikcg.me\/wpold\/wp-content\/uploads\/2022\/11\/IMG-5322--700x525.jpg 700w, https:\/\/dikcg.me\/wpold\/wp-content\/uploads\/2022\/11\/IMG-5322--250x188.jpg 250w, https:\/\/dikcg.me\/wpold\/wp-content\/uploads\/2022\/11\/IMG-5322--768x576.jpg 768w, https:\/\/dikcg.me\/wpold\/wp-content\/uploads\/2022\/11\/IMG-5322--1536x1152.jpg 1536w, https:\/\/dikcg.me\/wpold\/wp-content\/uploads\/2022\/11\/IMG-5322--120x90.jpg 120w, https:\/\/dikcg.me\/wpold\/wp-content\/uploads\/2022\/11\/IMG-5322--1320x990.jpg 1320w, https:\/\/dikcg.me\/wpold\/wp-content\/uploads\/2022\/11\/IMG-5322-.jpg 1600w\" sizes=\"(max-width: 700px) 100vw, 700px\" \/><\/p>\n","protected":false},"excerpt":{"rendered":"Predsjednik DIK Nikola Mugo\u0161a i sekretar Nikola Dedei\u0107 u\u010destvuju na sastanku subregionalne radne grupe Me\u0111unarodne fondacije za izborne sisteme koji se odr\u017eava u Tirani. Na sastanku se razmatraju pitanja u vezi upotrebe tehnologija u izbornom procesu i izazova sa kojim se izborna tijela i sudovi suo\u010davaju tokom izbornog procesa kada je u pitanju digitalizacija izbora&#8230;. <a href=\"https:\/\/dikcg.me\/wpold\/mugosa-i-dedeic-na-sastanku-subregionalne-radne-grupe-medunarodne-fondacije-za-izborne-sisteme-u-tirani\/\">Read more <i class=\"fas fa-angle-right\"><\/i><\/a>","protected":false},"author":56,"featured_media":0,"comment_status":"closed","ping_status":"closed","sticky":false,"template":"","format":"standard","meta":{"footnotes":""},"categories":[16,15],"tags":[],"_links":{"self":[{"href":"https:\/\/dikcg.me\/wpold\/wp-json\/wp\/v2\/posts\/7969"}],"collection":[{"href":"https:\/\/dikcg.me\/wpold\/wp-json\/wp\/v2\/posts"}],"about":[{"href":"https:\/\/dikcg.me\/wpold\/wp-json\/wp\/v2\/types\/post"}],"author":[{"embeddable":true,"href":"https:\/\/dikcg.me\/wpold\/wp-json\/wp\/v2\/users\/56"}],"replies":[{"embeddable":true,"href":"https:\/\/dikcg.me\/wpold\/wp-json\/wp\/v2\/comments?post=7969"}],"version-history":[{"count":1,"href":"https:\/\/dikcg.me\/wpold\/wp-json\/wp\/v2\/posts\/7969\/revisions"}],"predecessor-version":[{"id":7974,"href":"https:\/\/dikcg.me\/wpold\/wp-json\/wp\/v2\/posts\/7969\/revisions\/7974"}],"wp:attachment":[{"href":"https:\/\/dikcg.me\/wpold\/wp-json\/wp\/v2\/media?parent=7969"}],"wp:term":[{"taxonomy":"category","embeddable":true,"href":"https:\/\/dikcg.me\/wpold\/wp-json\/wp\/v2\/categories?post=7969"},{"taxonomy":"post_tag","embeddable":true,"href":"https:\/\/dikcg.me\/wpold\/wp-json\/wp\/v2\/tags?post=7969"}],"curies":[{"name":"wp","href":"https:\/\/api.w.org\/{rel}","templated":true}]}}