{"id":7908,"date":"2022-11-06T14:11:11","date_gmt":"2022-11-06T13:11:11","guid":{"rendered":"https:\/\/dikcg.me\/wpold\/?p=7908"},"modified":"2022-11-06T14:11:11","modified_gmt":"2022-11-06T13:11:11","slug":"dik-odbacila-prigovor-bozidara-vujicica-podnijet-na-rjesenje-oik-budva","status":"publish","type":"post","link":"https:\/\/dikcg.me\/wpold\/dik-odbacila-prigovor-bozidara-vujicica-podnijet-na-rjesenje-oik-budva\/","title":{"rendered":"DIK odbacila prigovor Bo\u017eidara Vuji\u010di\u0107a podnijet na Rje\u0161enje OIK Budva"},"content":{"rendered":"<p>Na osnovu \u010dlana 109 Zakona o izboru odbornika i poslanika (&#8220;Slu\u017ebeni list RCG&#8221;, br. 4\/98, 5\/98, 17\/98, 14\/00, 18\/00, 73\/00, 9\/01, 41\/02, 46\/02, 45\/04, 48\/06, 56\/06 i \u201cSlu\u017ebeni list CG\u201d, broj: 46\/11, 14\/14, 47\/14, 12\/16, 60\/17, 10\/18 i 109\/20), odlu\u010duju\u0107i po Prigovoru bira\u010da, kandidata za odbornika i nosioca izborne liste \u201eDr Bo\u017eidar Vuji\u010di\u0107-Gra\u0111anska akcija-Za bolju Budvu\u201c Bo\u017eidara Vuji\u010di\u0107a broj: 564 na Rje\u0161enje Op\u0161tinske izborne komisije Budva broj: 96-01\/2022 od 03.11.2022. godine, podnijetom Dr\u017eavnoj izbornoj komisiji 04.11.2022. godine u 21:52 sati, Dr\u017eavna izborna komisija na sjednici odr\u017eanoj 5. novembra 2022. godine u 18:00 sati, donijela je<\/p>\n<p>&nbsp;<\/p>\n<p style=\"text-align: center;\"><a href=\"https:\/\/dikcg.me\/wpold\/wp-content\/uploads\/2022\/11\/22-564-B.-Vujicic.pdf\"><strong>R J E \u0160 E NJ E<\/strong><\/a><\/p>\n<p><strong>\u00a0Odbacuje se <\/strong>Prigovor bira\u010da, kandidata za odbornika i nosioca izborne liste \u201eDr Bo\u017eidar Vuji\u010di\u0107-Gra\u0111anska akcija-Za bolju Budvu\u201c Bo\u017eidara Vuji\u010di\u0107a broj: 564 od 04.11.2022. godine podnijet na Rje\u0161enje Op\u0161tinske izborne komisije Budva broj: 96-01\/2022 od 03.11.2022. godine \u00a0<strong>kao nedozvoljen<\/strong><strong>.<\/strong><\/p>\n","protected":false},"excerpt":{"rendered":"Na osnovu \u010dlana 109 Zakona o izboru odbornika i poslanika (&#8220;Slu\u017ebeni list RCG&#8221;, br. 4\/98, 5\/98, 17\/98, 14\/00, 18\/00, 73\/00, 9\/01, 41\/02, 46\/02, 45\/04, 48\/06, 56\/06 i \u201cSlu\u017ebeni list CG\u201d, broj: 46\/11, 14\/14, 47\/14, 12\/16, 60\/17, 10\/18 i 109\/20), odlu\u010duju\u0107i po Prigovoru bira\u010da, kandidata za odbornika i nosioca izborne liste \u201eDr Bo\u017eidar Vuji\u010di\u0107-Gra\u0111anska akcija-Za bolju&#8230; <a href=\"https:\/\/dikcg.me\/wpold\/dik-odbacila-prigovor-bozidara-vujicica-podnijet-na-rjesenje-oik-budva\/\">Read more <i class=\"fas fa-angle-right\"><\/i><\/a>","protected":false},"author":56,"featured_media":0,"comment_status":"closed","ping_status":"closed","sticky":false,"template":"","format":"standard","meta":{"footnotes":""},"categories":[17],"tags":[242],"_links":{"self":[{"href":"https:\/\/dikcg.me\/wpold\/wp-json\/wp\/v2\/posts\/7908"}],"collection":[{"href":"https:\/\/dikcg.me\/wpold\/wp-json\/wp\/v2\/posts"}],"about":[{"href":"https:\/\/dikcg.me\/wpold\/wp-json\/wp\/v2\/types\/post"}],"author":[{"embeddable":true,"href":"https:\/\/dikcg.me\/wpold\/wp-json\/wp\/v2\/users\/56"}],"replies":[{"embeddable":true,"href":"https:\/\/dikcg.me\/wpold\/wp-json\/wp\/v2\/comments?post=7908"}],"version-history":[{"count":1,"href":"https:\/\/dikcg.me\/wpold\/wp-json\/wp\/v2\/posts\/7908\/revisions"}],"predecessor-version":[{"id":7911,"href":"https:\/\/dikcg.me\/wpold\/wp-json\/wp\/v2\/posts\/7908\/revisions\/7911"}],"wp:attachment":[{"href":"https:\/\/dikcg.me\/wpold\/wp-json\/wp\/v2\/media?parent=7908"}],"wp:term":[{"taxonomy":"category","embeddable":true,"href":"https:\/\/dikcg.me\/wpold\/wp-json\/wp\/v2\/categories?post=7908"},{"taxonomy":"post_tag","embeddable":true,"href":"https:\/\/dikcg.me\/wpold\/wp-json\/wp\/v2\/tags?post=7908"}],"curies":[{"name":"wp","href":"https:\/\/api.w.org\/{rel}","templated":true}]}}