{"id":7873,"date":"2022-11-03T13:54:51","date_gmt":"2022-11-03T12:54:51","guid":{"rendered":"https:\/\/dikcg.me\/wpold\/?p=7873"},"modified":"2022-11-03T13:54:51","modified_gmt":"2022-11-03T12:54:51","slug":"dik-odbacila-zahtjev-za-usvajanje-prigovora-bozidara-vujicica-kao-nedozvoljen","status":"publish","type":"post","link":"https:\/\/dikcg.me\/wpold\/dik-odbacila-zahtjev-za-usvajanje-prigovora-bozidara-vujicica-kao-nedozvoljen\/","title":{"rendered":"DIK odbacila Zahtjev za usvajanje prigovora Bo\u017eidara Vuji\u010di\u0107a kao nedozvoljen"},"content":{"rendered":"<p>Na osnovu \u010dlana 109 Zakona o izboru odbornika i poslanika (&#8220;Slu\u017ebeni list RCG&#8221;, br. 4\/98, 5\/98, 17\/98, 14\/00, 18\/00, 73\/00, 9\/01, 41\/02, 46\/02, 45\/04, 48\/06, 56\/06 i \u201cSlu\u017ebeni list CG\u201d, broj: 46\/11, 14\/14, 47\/14, 12\/16, 60\/17, 10\/18 i 109\/20), odlu\u010duju\u0107i po Zahtjevu broj: 538\/4 za usvajanje prigovora Bo\u017eidara Vuji\u010di\u0107a ovla\u0161\u0107enog lica za zastupanje izborne liste \u201eDr Bo\u017eidar Vuji\u010di\u0107-Gra\u0111anska akcija-Za bolju Budvu\u201c broj: 538 na Rje\u0161enje OIK Budva broj: 89-01\/2022 od 28.10.2022. godine, podnijetom Dr\u017eavnoj izbornoj komisiji 01.11.2022. godine u 18:36 sati, Dr\u017eavna izborna komisija na sjednici odr\u017eanoj 2. novembra 2022. godine u 10:00 sati, donijela je<\/p>\n<p style=\"text-align: center;\"><a href=\"https:\/\/dikcg.me\/wpold\/wp-content\/uploads\/2022\/11\/22-538-5-B.-Vujicic-odbacivanje-1.pdf\"><strong>R J E \u0160 E NJ E<\/strong><\/a><\/p>\n<p><strong>Odbacuje se <\/strong>Zahtjev broj: 538\/4 od 01.11.2022. godine za usvajanje prigovora Bo\u017eidara Vuji\u010di\u0107a ovla\u0161\u0107enog lica za zastupanje izborne liste \u201eDr Bo\u017eidar Vuji\u010di\u0107-Gra\u0111anska akcija-Za bolju Budvu\u201c broj: 538 na Rje\u0161enje OIK Budva broj: 89-01\/2022 od 28.10.2022. godine <strong>kao nedozvoljen.<\/strong><\/p>\n","protected":false},"excerpt":{"rendered":"Na osnovu \u010dlana 109 Zakona o izboru odbornika i poslanika (&#8220;Slu\u017ebeni list RCG&#8221;, br. 4\/98, 5\/98, 17\/98, 14\/00, 18\/00, 73\/00, 9\/01, 41\/02, 46\/02, 45\/04, 48\/06, 56\/06 i \u201cSlu\u017ebeni list CG\u201d, broj: 46\/11, 14\/14, 47\/14, 12\/16, 60\/17, 10\/18 i 109\/20), odlu\u010duju\u0107i po Zahtjevu broj: 538\/4 za usvajanje prigovora Bo\u017eidara Vuji\u010di\u0107a ovla\u0161\u0107enog lica za zastupanje izborne liste&#8230; <a href=\"https:\/\/dikcg.me\/wpold\/dik-odbacila-zahtjev-za-usvajanje-prigovora-bozidara-vujicica-kao-nedozvoljen\/\">Read more <i class=\"fas fa-angle-right\"><\/i><\/a>","protected":false},"author":56,"featured_media":0,"comment_status":"closed","ping_status":"closed","sticky":false,"template":"","format":"standard","meta":{"footnotes":""},"categories":[17],"tags":[242],"_links":{"self":[{"href":"https:\/\/dikcg.me\/wpold\/wp-json\/wp\/v2\/posts\/7873"}],"collection":[{"href":"https:\/\/dikcg.me\/wpold\/wp-json\/wp\/v2\/posts"}],"about":[{"href":"https:\/\/dikcg.me\/wpold\/wp-json\/wp\/v2\/types\/post"}],"author":[{"embeddable":true,"href":"https:\/\/dikcg.me\/wpold\/wp-json\/wp\/v2\/users\/56"}],"replies":[{"embeddable":true,"href":"https:\/\/dikcg.me\/wpold\/wp-json\/wp\/v2\/comments?post=7873"}],"version-history":[{"count":1,"href":"https:\/\/dikcg.me\/wpold\/wp-json\/wp\/v2\/posts\/7873\/revisions"}],"predecessor-version":[{"id":7876,"href":"https:\/\/dikcg.me\/wpold\/wp-json\/wp\/v2\/posts\/7873\/revisions\/7876"}],"wp:attachment":[{"href":"https:\/\/dikcg.me\/wpold\/wp-json\/wp\/v2\/media?parent=7873"}],"wp:term":[{"taxonomy":"category","embeddable":true,"href":"https:\/\/dikcg.me\/wpold\/wp-json\/wp\/v2\/categories?post=7873"},{"taxonomy":"post_tag","embeddable":true,"href":"https:\/\/dikcg.me\/wpold\/wp-json\/wp\/v2\/tags?post=7873"}],"curies":[{"name":"wp","href":"https:\/\/api.w.org\/{rel}","templated":true}]}}