{"id":7732,"date":"2022-10-28T10:40:38","date_gmt":"2022-10-28T09:40:38","guid":{"rendered":"https:\/\/dikcg.me\/wpold\/?p=7732"},"modified":"2022-10-28T10:40:38","modified_gmt":"2022-10-28T09:40:38","slug":"usvojen-prigovor-bozidara-vujicica-na-rjesenje-oik-budva","status":"publish","type":"post","link":"https:\/\/dikcg.me\/wpold\/usvojen-prigovor-bozidara-vujicica-na-rjesenje-oik-budva\/","title":{"rendered":"Usvojen Prigovor Bo\u017eidara Vuji\u010di\u0107a na Rje\u0161enje OIK Budva"},"content":{"rendered":"<p>Na osnovu \u010dlana 109 Zakona o izboru odbornika i poslanika (&#8220;Slu\u017ebeni list RCG&#8221;, br. 4\/98, 5\/98, 17\/98, 14\/00, 18\/00, 73\/00, 9\/01, 41\/02, 46\/02, 45\/04, 48\/06, 56\/06 i \u201cSlu\u017ebeni list CG\u201d, broj: 46\/11, 14\/14, 47\/14, 12\/16, 60\/17, 10\/18 i 109\/20), odlu\u010duju\u0107i po Prigovoru nosioca izborne liste \u201eDr Bo\u017eidar Vuji\u010di\u0107-Gra\u0111anska akcija-Za bolju Budvu\u201c Bo\u017eidara Vuji\u010di\u0107a broj: 524 na Rje\u0161enje Op\u0161tinske izborne komisije Budva broj: 83-01\/2022 od 26.10.2022. godine, podnijetom Dr\u017eavnoj izbornoj komisiji 26.10.2022. godine u 22:57 sati, Dr\u017eavna izborna komisija na sjednici odr\u017eanoj 27. oktobra 2022. godine u 19:00 sati, donijela je<\/p>\n<p style=\"text-align: center;\"><a href=\"https:\/\/dikcg.me\/wpold\/wp-content\/uploads\/2022\/10\/22-524-B.-Vujicic.pdf\"><strong>R J E \u0160 E NJ E<\/strong><\/a><\/p>\n<p><strong>I Usvaja se <\/strong>Prigovor nosioca izborne liste \u201eDr Bo\u017eidar Vuji\u010di\u0107-Gra\u0111anska akcija-Za bolju Budvu\u201c Bo\u017eidara Vuji\u010di\u0107a broj: 524 od 26.10.2022. godine podnijet na Rje\u0161enje Op\u0161tinske izborne komisije Budva broj: 83-01\/2022 od 26.10.2022. godine.<\/p>\n<p><strong>II<\/strong> <strong>Obavezuje se<\/strong> Op\u0161tinska izborna komisija Budva da donese novi zapisnik o radu op\u0161tinske izborne komisije za utvr\u0111ivanje privremenih rezultata izbora na bira\u010dkim mjestima u op\u0161tini Budva u skladu sa Zakonom o izboru odbornika i poslanika.<\/p>\n","protected":false},"excerpt":{"rendered":"Na osnovu \u010dlana 109 Zakona o izboru odbornika i poslanika (&#8220;Slu\u017ebeni list RCG&#8221;, br. 4\/98, 5\/98, 17\/98, 14\/00, 18\/00, 73\/00, 9\/01, 41\/02, 46\/02, 45\/04, 48\/06, 56\/06 i \u201cSlu\u017ebeni list CG\u201d, broj: 46\/11, 14\/14, 47\/14, 12\/16, 60\/17, 10\/18 i 109\/20), odlu\u010duju\u0107i po Prigovoru nosioca izborne liste \u201eDr Bo\u017eidar Vuji\u010di\u0107-Gra\u0111anska akcija-Za bolju Budvu\u201c Bo\u017eidara Vuji\u010di\u0107a broj: 524&#8230; <a href=\"https:\/\/dikcg.me\/wpold\/usvojen-prigovor-bozidara-vujicica-na-rjesenje-oik-budva\/\">Read more <i class=\"fas fa-angle-right\"><\/i><\/a>","protected":false},"author":56,"featured_media":0,"comment_status":"closed","ping_status":"closed","sticky":false,"template":"","format":"standard","meta":{"footnotes":""},"categories":[17],"tags":[242],"_links":{"self":[{"href":"https:\/\/dikcg.me\/wpold\/wp-json\/wp\/v2\/posts\/7732"}],"collection":[{"href":"https:\/\/dikcg.me\/wpold\/wp-json\/wp\/v2\/posts"}],"about":[{"href":"https:\/\/dikcg.me\/wpold\/wp-json\/wp\/v2\/types\/post"}],"author":[{"embeddable":true,"href":"https:\/\/dikcg.me\/wpold\/wp-json\/wp\/v2\/users\/56"}],"replies":[{"embeddable":true,"href":"https:\/\/dikcg.me\/wpold\/wp-json\/wp\/v2\/comments?post=7732"}],"version-history":[{"count":1,"href":"https:\/\/dikcg.me\/wpold\/wp-json\/wp\/v2\/posts\/7732\/revisions"}],"predecessor-version":[{"id":7735,"href":"https:\/\/dikcg.me\/wpold\/wp-json\/wp\/v2\/posts\/7732\/revisions\/7735"}],"wp:attachment":[{"href":"https:\/\/dikcg.me\/wpold\/wp-json\/wp\/v2\/media?parent=7732"}],"wp:term":[{"taxonomy":"category","embeddable":true,"href":"https:\/\/dikcg.me\/wpold\/wp-json\/wp\/v2\/categories?post=7732"},{"taxonomy":"post_tag","embeddable":true,"href":"https:\/\/dikcg.me\/wpold\/wp-json\/wp\/v2\/tags?post=7732"}],"curies":[{"name":"wp","href":"https:\/\/api.w.org\/{rel}","templated":true}]}}