{"id":7706,"date":"2022-10-26T14:12:26","date_gmt":"2022-10-26T13:12:26","guid":{"rendered":"https:\/\/dikcg.me\/wpold\/?p=7706"},"modified":"2023-02-13T14:12:27","modified_gmt":"2023-02-13T13:12:27","slug":"rjesenje-po-prigovoru-bozidara-vujicica","status":"publish","type":"post","link":"https:\/\/dikcg.me\/wpold\/rjesenje-po-prigovoru-bozidara-vujicica\/","title":{"rendered":"Rje\u0161enje po Prigovoru Bo\u017eidara Vuji\u010di\u0107a"},"content":{"rendered":"<p>Na osnovu \u010dlana 109 Zakona o izboru odbornika i poslanika (&#8220;Slu\u017ebeni list RCG&#8221;, br. 4\/98, 5\/98, 17\/98, 14\/00, 18\/00, 73\/00, 9\/01, 41\/02, 46\/02, 45\/04, 48\/06, 56\/06 i \u201cSlu\u017ebeni list CG\u201d, broj: 46\/11, 14\/14, 47\/14, 12\/16, 60\/17, 10\/18 i 109\/20), odlu\u010duju\u0107i po Prigovoru nosioca izborne liste \u201eDr Bo\u017eidar Vuji\u010di\u0107-Gra\u0111anska akcija-Za bolju Budvu\u201c Bo\u017eidara Vuji\u010di\u0107a broj: 518 na Rje\u0161enje Op\u0161tinske izborne komisije Budva broj: 66-01\/2022 od 24.10.2022. godine, podnijetom Dr\u017eavnoj izbornoj komisiji 25.10.2022. godine u 9:36 sati, Dr\u017eavna izborna komisija na sjednici odr\u017eanoj 25. oktobra 2022. godine u 19:00 sati, donijela je<\/p>\n<p style=\"text-align: center;\"><a href=\"https:\/\/dikcg.me\/wpold\/wp-content\/uploads\/2022\/10\/22-518-3-B.-Vujicic.pdf\"><strong>R J E \u0160 E NJ E<\/strong><\/a><\/p>\n<p><strong>Odbija se <\/strong>Prigovor nosioca izborne liste \u201eDr Bo\u017eidar Vuji\u010di\u0107-Gra\u0111anska akcija-Za bolju Budvu\u201c Bo\u017eidara Vuji\u010di\u0107a broj: 518 od 25.10.2022. godine podnijet na Rje\u0161enje Op\u0161tinske izborne komisije Budva broj: 66-01\/2022 od 24.10.2022. godine <strong>kao neosnovan<\/strong>.<\/p>\n","protected":false},"excerpt":{"rendered":"Na osnovu \u010dlana 109 Zakona o izboru odbornika i poslanika (&#8220;Slu\u017ebeni list RCG&#8221;, br. 4\/98, 5\/98, 17\/98, 14\/00, 18\/00, 73\/00, 9\/01, 41\/02, 46\/02, 45\/04, 48\/06, 56\/06 i \u201cSlu\u017ebeni list CG\u201d, broj: 46\/11, 14\/14, 47\/14, 12\/16, 60\/17, 10\/18 i 109\/20), odlu\u010duju\u0107i po Prigovoru nosioca izborne liste \u201eDr Bo\u017eidar Vuji\u010di\u0107-Gra\u0111anska akcija-Za bolju Budvu\u201c Bo\u017eidara Vuji\u010di\u0107a broj: 518&#8230; <a href=\"https:\/\/dikcg.me\/wpold\/rjesenje-po-prigovoru-bozidara-vujicica\/\">Read more <i class=\"fas fa-angle-right\"><\/i><\/a>","protected":false},"author":56,"featured_media":0,"comment_status":"closed","ping_status":"closed","sticky":false,"template":"","format":"standard","meta":{"footnotes":""},"categories":[17],"tags":[242],"_links":{"self":[{"href":"https:\/\/dikcg.me\/wpold\/wp-json\/wp\/v2\/posts\/7706"}],"collection":[{"href":"https:\/\/dikcg.me\/wpold\/wp-json\/wp\/v2\/posts"}],"about":[{"href":"https:\/\/dikcg.me\/wpold\/wp-json\/wp\/v2\/types\/post"}],"author":[{"embeddable":true,"href":"https:\/\/dikcg.me\/wpold\/wp-json\/wp\/v2\/users\/56"}],"replies":[{"embeddable":true,"href":"https:\/\/dikcg.me\/wpold\/wp-json\/wp\/v2\/comments?post=7706"}],"version-history":[{"count":1,"href":"https:\/\/dikcg.me\/wpold\/wp-json\/wp\/v2\/posts\/7706\/revisions"}],"predecessor-version":[{"id":7709,"href":"https:\/\/dikcg.me\/wpold\/wp-json\/wp\/v2\/posts\/7706\/revisions\/7709"}],"wp:attachment":[{"href":"https:\/\/dikcg.me\/wpold\/wp-json\/wp\/v2\/media?parent=7706"}],"wp:term":[{"taxonomy":"category","embeddable":true,"href":"https:\/\/dikcg.me\/wpold\/wp-json\/wp\/v2\/categories?post=7706"},{"taxonomy":"post_tag","embeddable":true,"href":"https:\/\/dikcg.me\/wpold\/wp-json\/wp\/v2\/tags?post=7706"}],"curies":[{"name":"wp","href":"https:\/\/api.w.org\/{rel}","templated":true}]}}