{"id":7558,"date":"2022-10-12T12:29:08","date_gmt":"2022-10-12T11:29:08","guid":{"rendered":"https:\/\/dikcg.me\/wpold\/?p=7558"},"modified":"2022-10-13T12:33:09","modified_gmt":"2022-10-13T11:33:09","slug":"dik-usvojila-prigovor-prave-crne-gore-na-rjesenje-oik-danilovgrad","status":"publish","type":"post","link":"https:\/\/dikcg.me\/wpold\/dik-usvojila-prigovor-prave-crne-gore-na-rjesenje-oik-danilovgrad\/","title":{"rendered":"DIK usvojila prigovor Prave Crne Gore na Akt OIK Danilovgrad"},"content":{"rendered":"<p>Na osnovu \u010dlana 109 Zakona o izboru odbornika i poslanika (&#8220;Slu\u017ebeni list RCG&#8221;, br. 4\/98, 5\/98, 17\/98, 14\/00, 18\/00, 73\/00, 9\/01, 41\/02, 46\/02, 45\/04, 48\/06, 56\/06 i \u201cSlu\u017ebeni list CG\u201d, broj: 46\/11, 14\/14, 47\/14, 12\/16, 60\/17, 10\/18 i 109\/20),\u00a0 Dr\u017eavna izborna komisija, odlu\u010duju\u0107i po Prigovoru predsjednika Izvr\u0161nog odbora Prave Crne Gore \u017deljka Savovi\u0107a i predsjednika Izbornog \u0161taba liste \u201eUJEDINJENI ZA PRAVI GRAD\u201c Dragoljuba Pavi\u0107evi\u0107a broj: 461 na Akt Op\u0161tinske izborne komisije Danilovgrad broj:169 od 07.10.2022. godine, podnijetom Dr\u017eavnoj izbornoj komisiji 11.10.2022. godine u 14:40 sati, na sjednici odr\u017eanoj 12. oktobra 2022. godine u 10:00 sati, donijela je<\/p>\n<p style=\"text-align: center;\"><a href=\"https:\/\/dikcg.me\/wpold\/wp-content\/uploads\/2022\/10\/22-461-3-Prava-CG-Dg.pdf\"><strong>R J E \u0160 E NJ E<\/strong><\/a><\/p>\n<p><strong>I Usvaja se <\/strong>Prigovor predsjednika Izvr\u0161nog odbora Prave Crne Gore \u017deljka Savovi\u0107a i predsjednika Izbornog \u0161taba liste \u201eUJEDINJENI ZA PRAVI GRAD\u201c Dragoljuba Pavi\u0107evi\u0107a broj: 461 od 11.10.2022. godine izjavljen na Akt Op\u0161tinske izborne komisije Danilovgrad broj: 169 od 07.10.2022. godine.<\/p>\n<p><strong>II Ponistava se<\/strong> Akt Op\u0161tinske izborne komisije Danilovgrad broj:169 od 07.10.2022. godine.<\/p>\n<p><strong>III Nala\u017ee se<\/strong> Op\u0161tinskoj izbornoj komisiji Danilovgrad da donese rje\u0161enje koje politi\u010dke partije imaju pravo da predlo\u017ee predstavnike u stalni sastav bira\u010dkih odbora u skladu sa Zakonom o izboru odbornika i poslanika.<\/p>\n","protected":false},"excerpt":{"rendered":"Na osnovu \u010dlana 109 Zakona o izboru odbornika i poslanika (&#8220;Slu\u017ebeni list RCG&#8221;, br. 4\/98, 5\/98, 17\/98, 14\/00, 18\/00, 73\/00, 9\/01, 41\/02, 46\/02, 45\/04, 48\/06, 56\/06 i \u201cSlu\u017ebeni list CG\u201d, broj: 46\/11, 14\/14, 47\/14, 12\/16, 60\/17, 10\/18 i 109\/20),\u00a0 Dr\u017eavna izborna komisija, odlu\u010duju\u0107i po Prigovoru predsjednika Izvr\u0161nog odbora Prave Crne Gore \u017deljka Savovi\u0107a i predsjednika&#8230; <a href=\"https:\/\/dikcg.me\/wpold\/dik-usvojila-prigovor-prave-crne-gore-na-rjesenje-oik-danilovgrad\/\">Read more <i class=\"fas fa-angle-right\"><\/i><\/a>","protected":false},"author":56,"featured_media":0,"comment_status":"closed","ping_status":"closed","sticky":false,"template":"","format":"standard","meta":{"footnotes":""},"categories":[17],"tags":[242],"_links":{"self":[{"href":"https:\/\/dikcg.me\/wpold\/wp-json\/wp\/v2\/posts\/7558"}],"collection":[{"href":"https:\/\/dikcg.me\/wpold\/wp-json\/wp\/v2\/posts"}],"about":[{"href":"https:\/\/dikcg.me\/wpold\/wp-json\/wp\/v2\/types\/post"}],"author":[{"embeddable":true,"href":"https:\/\/dikcg.me\/wpold\/wp-json\/wp\/v2\/users\/56"}],"replies":[{"embeddable":true,"href":"https:\/\/dikcg.me\/wpold\/wp-json\/wp\/v2\/comments?post=7558"}],"version-history":[{"count":2,"href":"https:\/\/dikcg.me\/wpold\/wp-json\/wp\/v2\/posts\/7558\/revisions"}],"predecessor-version":[{"id":7563,"href":"https:\/\/dikcg.me\/wpold\/wp-json\/wp\/v2\/posts\/7558\/revisions\/7563"}],"wp:attachment":[{"href":"https:\/\/dikcg.me\/wpold\/wp-json\/wp\/v2\/media?parent=7558"}],"wp:term":[{"taxonomy":"category","embeddable":true,"href":"https:\/\/dikcg.me\/wpold\/wp-json\/wp\/v2\/categories?post=7558"},{"taxonomy":"post_tag","embeddable":true,"href":"https:\/\/dikcg.me\/wpold\/wp-json\/wp\/v2\/tags?post=7558"}],"curies":[{"name":"wp","href":"https:\/\/api.w.org\/{rel}","templated":true}]}}