{"id":7405,"date":"2022-10-02T18:08:02","date_gmt":"2022-10-02T17:08:02","guid":{"rendered":"https:\/\/dikcg.me\/wpold\/?p=7405"},"modified":"2022-10-02T18:08:02","modified_gmt":"2022-10-02T17:08:02","slug":"usvajen-prigovor-dragana-krapovica-podnijet-na-akt-oik-budva","status":"publish","type":"post","link":"https:\/\/dikcg.me\/wpold\/usvajen-prigovor-dragana-krapovica-podnijet-na-akt-oik-budva\/","title":{"rendered":"Usvajen Prigovor Dragana Krapovi\u0107a podnijet na Akt OIK Budva"},"content":{"rendered":"<p>Na osnovu \u010dlana 109 Zakona o izboru odbornika i poslanika (&#8220;Slu\u017ebeni list RCG&#8221;, br. 4\/98, 5\/98, 17\/98, 14\/00, 18\/00, 73\/00, 9\/01, 41\/02, 46\/02, 45\/04, 48\/06, 56\/06 i \u201cSlu\u017ebeni list CG\u201d, broj: 46\/11, 14\/14, 47\/14, 12\/16, 60\/17, 10\/18 i 109\/20), \u00a0Dr\u017eavna izborna komisija, odlu\u010duju\u0107i po Prigovoru nosioca izborne liste \u201eDRAGAN KRAPOVI\u0106 \u2013 IDEMO LJUDI \u2013 DEMOKRATE \u2013 DEMOS\u201c Dragana Krapovi\u0107a na Akt OIK Budva broj: 90-01\/2022 od 28.09.2022. godine podnijetom Dr\u017eavnoj izbornoj komisiji 01.10.2022. godine u 16:15 sati, na sjednici odr\u017eanoj 2. oktobra 2022. godine u 11:00 sati, donijela je<\/p>\n<p style=\"text-align: center;\"><a href=\"https:\/\/dikcg.me\/wpold\/wp-content\/uploads\/2022\/10\/22-441-Demokratska-CG-Budva.pdf\"><strong>R J E \u0160 E NJ E<\/strong><\/a><\/p>\n<p><strong>I Usvaja se <\/strong>Prigovor Dragana Krapovi\u0107a, nosioca izborne liste \u201eDRAGAN KRAPOVI\u0106 \u2013 IDEMO LJUDI \u2013 DEMOKRATE \u2013 DEMOS\u201c podnijet na Akt Op\u0161tinske izborne komisije Budva broj 90-01\/2022 od 28.09.2022. godine.<\/p>\n<p><strong>II Poni\u0161tava <\/strong>se Akt Op\u0161tinske izborne komisije Budva broj 90-01\/2022 od 28.09.2022. godine.<\/p>\n<p><strong>III Nala\u017ee se<\/strong> Op\u0161tinskoj izbornoj komisiji Budva da donese rje\u0161enje koje politi\u010dke partije imaju pravo da predlo\u017ee predstavnike u stalni sastav bira\u010dkog odbora u skladu sa Zakonom o izboru odbornika i poslanika.<\/p>\n","protected":false},"excerpt":{"rendered":"Na osnovu \u010dlana 109 Zakona o izboru odbornika i poslanika (&#8220;Slu\u017ebeni list RCG&#8221;, br. 4\/98, 5\/98, 17\/98, 14\/00, 18\/00, 73\/00, 9\/01, 41\/02, 46\/02, 45\/04, 48\/06, 56\/06 i \u201cSlu\u017ebeni list CG\u201d, broj: 46\/11, 14\/14, 47\/14, 12\/16, 60\/17, 10\/18 i 109\/20), \u00a0Dr\u017eavna izborna komisija, odlu\u010duju\u0107i po Prigovoru nosioca izborne liste \u201eDRAGAN KRAPOVI\u0106 \u2013 IDEMO LJUDI \u2013 DEMOKRATE&#8230; <a href=\"https:\/\/dikcg.me\/wpold\/usvajen-prigovor-dragana-krapovica-podnijet-na-akt-oik-budva\/\">Read more <i class=\"fas fa-angle-right\"><\/i><\/a>","protected":false},"author":56,"featured_media":0,"comment_status":"closed","ping_status":"closed","sticky":false,"template":"","format":"standard","meta":{"footnotes":""},"categories":[17],"tags":[242],"_links":{"self":[{"href":"https:\/\/dikcg.me\/wpold\/wp-json\/wp\/v2\/posts\/7405"}],"collection":[{"href":"https:\/\/dikcg.me\/wpold\/wp-json\/wp\/v2\/posts"}],"about":[{"href":"https:\/\/dikcg.me\/wpold\/wp-json\/wp\/v2\/types\/post"}],"author":[{"embeddable":true,"href":"https:\/\/dikcg.me\/wpold\/wp-json\/wp\/v2\/users\/56"}],"replies":[{"embeddable":true,"href":"https:\/\/dikcg.me\/wpold\/wp-json\/wp\/v2\/comments?post=7405"}],"version-history":[{"count":1,"href":"https:\/\/dikcg.me\/wpold\/wp-json\/wp\/v2\/posts\/7405\/revisions"}],"predecessor-version":[{"id":7408,"href":"https:\/\/dikcg.me\/wpold\/wp-json\/wp\/v2\/posts\/7405\/revisions\/7408"}],"wp:attachment":[{"href":"https:\/\/dikcg.me\/wpold\/wp-json\/wp\/v2\/media?parent=7405"}],"wp:term":[{"taxonomy":"category","embeddable":true,"href":"https:\/\/dikcg.me\/wpold\/wp-json\/wp\/v2\/categories?post=7405"},{"taxonomy":"post_tag","embeddable":true,"href":"https:\/\/dikcg.me\/wpold\/wp-json\/wp\/v2\/tags?post=7405"}],"curies":[{"name":"wp","href":"https:\/\/api.w.org\/{rel}","templated":true}]}}