{"id":7368,"date":"2022-09-28T09:00:30","date_gmt":"2022-09-28T08:00:30","guid":{"rendered":"https:\/\/dikcg.me\/wpold\/?p=7368"},"modified":"2022-09-28T09:14:52","modified_gmt":"2022-09-28T08:14:52","slug":"zapisnik-sa-38-sjednice","status":"publish","type":"post","link":"https:\/\/dikcg.me\/wpold\/zapisnik-sa-38-sjednice\/","title":{"rendered":"Zapisnik sa 38. sjednice"},"content":{"rendered":"<p><strong>Ad \u2013 1 <\/strong><br \/>\nKomisija je usvojila zapisnik sa 37. sjednice Komisije. Uzdr\u017eani su bili Ko\u010da \u0110uri\u0161i\u0107 i Damir Suljevi\u0107, \u010dlanovi Komisije koji nijesu prisustvovali prethodnoj sjednici.<\/p>\n<p><strong>Ad \u2013 2 <\/strong><br \/>\nKomisija je konstatatovala da je saglasno Poslovniku izvr\u0161ena popuna\u00a0 upra\u017enjenog poslani\u010dkog mjesta, bez odr\u017eavanja sjednice, a izja\u0161njenjem \u010dlanova elektronskim putem poslaniku Radulu Novovi\u0107u, sa izborne liste Odlu\u010dno za Crnu Goru! DPS \u2013 Milo \u0110ukanovi\u0107.<\/p>\n<p><strong>Ad \u2013 3<\/strong><br \/>\nKomisija je razmotrila Zahtjev za mi\u0161ljenje predsjednika OIK Plu\u017eine broj: 407 od 14.09.2022. godine i uputila dopis u kojem je iznijela zaklju\u010dak vezano za predmet zahtjeva.<br \/>\nDopis je dostavljen predsjedniku OIK Plu\u017eine i objavljen na web stranici Komisije.<\/p>\n<p><strong>Ad &#8211; 4<\/strong><br \/>\nKomisija je dala Mi\u0161ljenje po Zahtjevu za mi\u0161ljenje direktora Demokratske Crne Gore Mom\u010dila Lekovi\u0107a broj: 414 od 16.09.2022. godine.<br \/>\nMi\u0161ljenje je dostavljeno Demokratskoj Crnoj Gori i svim op\u0161tinskim izbornim komisijama u op\u0161tinama u kojima se odr\u017eavaju izbori 23 oktobra 2022. godine.<br \/>\nMi\u0161ljenje je objavljeno na web stranici Komisije.<\/p>\n<p><strong>Ad \u2013 5<\/strong><br \/>\nKomisija je odlo\u017eila raspravu i dono\u0161enje Odluke o izgledu i upotrebi loga Dr\u017eavne izborne komisije.<br \/>\nZaklju\u010deno je da se predlog Odluke o izgledu i upotrebi loga sa prate\u0107om dokumentacijom uputi Ministarstvu kulture i zatra\u017ei mi\u0161ljenje da li je predlo\u017eeni logo u skladu sa zakonom.<\/p>\n<p><strong>Ad \u2013 6<\/strong><br \/>\nKomisija je donijela Odluku o utvr\u0111ivanju bira\u010dkih mjesta, sastavu bira\u010dkih odbora i na\u010dinu glasanja za bira\u010de koji su u pritvoru ili koji izdr\u017eavaju kaznu zatvora &#8211; za izbor odbornika Skup\u0161tinu Glavnog grada Podgorica i skup\u0161tine op\u0161tina op\u0161tina Bar, Bijelo Polje, Budva, Danilovgrad, Kola\u0161in, Plav, Plu\u017eine, Pljevlja, Ro\u017eaje, Tivat, \u0160avnik, Zeta i \u017dabljak na izborima koji su raspisani za 23. oktobar 2022. godine.<\/p>\n<p><strong>Ad \u2013 7<\/strong><br \/>\nKomisija je izvr\u0161ila \u017erijebanje za predsjednike bira\u010dkih odbora u Upravi za izvr\u0161enje krivi\u010dnih sankcija.<br \/>\n\u017drijebanjem je utvr\u0111eno da mjesto predsjednika bira\u010dkog odbora na bira\u010dkom mjestu I-Zatvor za duge kazne (UIKS-I) pripada Demokratskoj Crnoj Gori, mjesto predsjednika bira\u010dkog odbora na bira\u010dkom mjestu II-Istra\u017eni zatvor Podgorica (UIKS-II) pripada Demokratskoj partiji socijalista i mjesto predsjednika bira\u010dkog odbora na bira\u010dkom mjestu III-Zatvor Bijelo Polje (UIKS-III) pripada Novoj srpskoj demokratiji.<\/p>\n<p><strong>Ad \u2013 8<\/strong><br \/>\nKomisija je razmatrala Predlog sadr\u017eaja Bro\u0161ure pravila i uputstava za rad organa za sprovo\u0111enje izbora i zaklju\u010dila da je neophodno da u Bro\u0161uri budu sadr\u017eani svi podzakonski akti koje je Komisija donijela.<\/p>\n<p><strong>Ad \u2013 9<\/strong><br \/>\nKomisija je razmotrila i utvrdila Priru\u010dnik za obuku bira\u010dkih odbora.<br \/>\nU Priru\u010dniku su posebno istaknute novine koje je DIK utvrdila svojim aktima u proteklom periodu, a koje se posebno odnose na pove\u0107anje transparentnosti rada izborne administracije, kao i pobolj\u0161anje polo\u017eaja osoba sa invaliditetom u izbornom procesu.<\/p>\n<p><strong>Ad \u2013 10<\/strong><br \/>\nKomisija je donijela Odluku o stavljanju van snage Uputstva broj: 240 od 12.05.2022. godine.<br \/>\nOdluka je dostavljena Izbornoj komisiji Glavnog grada i op\u0161tinskim izbornim komisijama u svim op\u0161tinama u kojima se odr\u017eavaju izbori za izbor odbornika u skup\u0161tine op\u0161tina 23. oktobra 2022. godine i objavljena na web stranici Komisije.<\/p>\n","protected":false},"excerpt":{"rendered":"Ad \u2013 1 Komisija je usvojila zapisnik sa 37. sjednice Komisije. Uzdr\u017eani su bili Ko\u010da \u0110uri\u0161i\u0107 i Damir Suljevi\u0107, \u010dlanovi Komisije koji nijesu prisustvovali prethodnoj sjednici. Ad \u2013 2 Komisija je konstatatovala da je saglasno Poslovniku izvr\u0161ena popuna\u00a0 upra\u017enjenog poslani\u010dkog mjesta, bez odr\u017eavanja sjednice, a izja\u0161njenjem \u010dlanova elektronskim putem poslaniku Radulu Novovi\u0107u, sa izborne liste&#8230; <a href=\"https:\/\/dikcg.me\/wpold\/zapisnik-sa-38-sjednice\/\">Read more <i class=\"fas fa-angle-right\"><\/i><\/a>","protected":false},"author":56,"featured_media":0,"comment_status":"closed","ping_status":"closed","sticky":false,"template":"","format":"standard","meta":{"footnotes":""},"categories":[18],"tags":[247],"_links":{"self":[{"href":"https:\/\/dikcg.me\/wpold\/wp-json\/wp\/v2\/posts\/7368"}],"collection":[{"href":"https:\/\/dikcg.me\/wpold\/wp-json\/wp\/v2\/posts"}],"about":[{"href":"https:\/\/dikcg.me\/wpold\/wp-json\/wp\/v2\/types\/post"}],"author":[{"embeddable":true,"href":"https:\/\/dikcg.me\/wpold\/wp-json\/wp\/v2\/users\/56"}],"replies":[{"embeddable":true,"href":"https:\/\/dikcg.me\/wpold\/wp-json\/wp\/v2\/comments?post=7368"}],"version-history":[{"count":1,"href":"https:\/\/dikcg.me\/wpold\/wp-json\/wp\/v2\/posts\/7368\/revisions"}],"predecessor-version":[{"id":7371,"href":"https:\/\/dikcg.me\/wpold\/wp-json\/wp\/v2\/posts\/7368\/revisions\/7371"}],"wp:attachment":[{"href":"https:\/\/dikcg.me\/wpold\/wp-json\/wp\/v2\/media?parent=7368"}],"wp:term":[{"taxonomy":"category","embeddable":true,"href":"https:\/\/dikcg.me\/wpold\/wp-json\/wp\/v2\/categories?post=7368"},{"taxonomy":"post_tag","embeddable":true,"href":"https:\/\/dikcg.me\/wpold\/wp-json\/wp\/v2\/tags?post=7368"}],"curies":[{"name":"wp","href":"https:\/\/api.w.org\/{rel}","templated":true}]}}