{"id":7364,"date":"2022-09-28T09:10:21","date_gmt":"2022-09-28T08:10:21","guid":{"rendered":"https:\/\/dikcg.me\/wpold\/?p=7364"},"modified":"2022-09-28T14:17:01","modified_gmt":"2022-09-28T13:17:01","slug":"zapisnik-sa-39-sjednice","status":"publish","type":"post","link":"https:\/\/dikcg.me\/wpold\/zapisnik-sa-39-sjednice\/","title":{"rendered":"Zapisnik sa 39. sjednice"},"content":{"rendered":"<p><strong><u>Ad \u2013 1<\/u><\/strong><br \/>\nKomisija je konstatovala da je saglasno Poslovniku izvr\u0161ena popuna upra\u017enjenog poslani\u010dkog mjesta, bez odr\u017eavanja sjednice, a izja\u0161njenjem \u010dlanova elektronskim putem poslaniku Mihailu An\u0111u\u0161i\u0107u sa izborne liste \u201eOdlu\u010dno za Crnu Goru! DPS \u2013 Milo \u0110ukanovi\u0107\u201c.<\/p>\n<p><strong><u>Ad \u2013 2<\/u><\/strong><br \/>\nKomisija je razmotrila zahtjev za mi\u0161ljenje OIK Budva i konstatovala da je na zahtjev Demokratske Crne Gore Komisija donijela Mi\u0161ljenje broj: 414\/2 od 19.09.2022. godine koje se odnosi na pravnu situaciju navedenu u zahtjevu OIK Budva, te da nije potrebno donositi novo mi\u0161ljenje. Dopisom upu\u0107enim OIK Budva \u00a0ukazano je na \u010dlan 46 stav 1 Zakona o izboru odbornika i poslanika i ponovo dostavljeno naprijed navedeno mi\u0161ljenje.<br \/>\nDopis je objavljen na web stranici Komisije.<\/p>\n<p><strong><u>Ad \u2013 3<\/u><\/strong><br \/>\nPredsjednik Komisije Nikola Mugo\u0161a obavijestio je \u010dlanove Komisije da je Stru\u010dna slu\u017eba uvidom u web stranice op\u0161tinskih izbornih komisija uo\u010dila \u00a0da ve\u0107ina komisija ne objavljuje a\u017eurno akte na web stranicama, kako je Zakonom o izboru odbornika i poslanika propisano.<br \/>\nKomisija je vr\u0161e\u0107i nadzor nad radom op\u0161tinskih izbornih komisija zaklju\u010dila da se uputi dopis op\u0161tinskim izbornim komisijama i uka\u017ee na potrebu po\u0161tovanja zakonske obaveze objavljivanja svih akata od zna\u010daja za sprovo\u0111enje izbornog procesa. Tako\u0111e, Komisija je odlu\u010dila da uputi dopis nadle\u017enim skup\u0161tinama op\u0161tina i skup\u0161tini Glavnog grada budu\u0107i da iste imenuju izborne komisije i obezbje\u0111uju uslove za njihov rad.<\/p>\n","protected":false},"excerpt":{"rendered":"Ad \u2013 1 Komisija je konstatovala da je saglasno Poslovniku izvr\u0161ena popuna upra\u017enjenog poslani\u010dkog mjesta, bez odr\u017eavanja sjednice, a izja\u0161njenjem \u010dlanova elektronskim putem poslaniku Mihailu An\u0111u\u0161i\u0107u sa izborne liste \u201eOdlu\u010dno za Crnu Goru! DPS \u2013 Milo \u0110ukanovi\u0107\u201c. Ad \u2013 2 Komisija je razmotrila zahtjev za mi\u0161ljenje OIK Budva i konstatovala da je na zahtjev Demokratske&#8230; <a href=\"https:\/\/dikcg.me\/wpold\/zapisnik-sa-39-sjednice\/\">Read more <i class=\"fas fa-angle-right\"><\/i><\/a>","protected":false},"author":56,"featured_media":0,"comment_status":"closed","ping_status":"closed","sticky":false,"template":"","format":"standard","meta":{"footnotes":""},"categories":[18],"tags":[247],"_links":{"self":[{"href":"https:\/\/dikcg.me\/wpold\/wp-json\/wp\/v2\/posts\/7364"}],"collection":[{"href":"https:\/\/dikcg.me\/wpold\/wp-json\/wp\/v2\/posts"}],"about":[{"href":"https:\/\/dikcg.me\/wpold\/wp-json\/wp\/v2\/types\/post"}],"author":[{"embeddable":true,"href":"https:\/\/dikcg.me\/wpold\/wp-json\/wp\/v2\/users\/56"}],"replies":[{"embeddable":true,"href":"https:\/\/dikcg.me\/wpold\/wp-json\/wp\/v2\/comments?post=7364"}],"version-history":[{"count":2,"href":"https:\/\/dikcg.me\/wpold\/wp-json\/wp\/v2\/posts\/7364\/revisions"}],"predecessor-version":[{"id":7376,"href":"https:\/\/dikcg.me\/wpold\/wp-json\/wp\/v2\/posts\/7364\/revisions\/7376"}],"wp:attachment":[{"href":"https:\/\/dikcg.me\/wpold\/wp-json\/wp\/v2\/media?parent=7364"}],"wp:term":[{"taxonomy":"category","embeddable":true,"href":"https:\/\/dikcg.me\/wpold\/wp-json\/wp\/v2\/categories?post=7364"},{"taxonomy":"post_tag","embeddable":true,"href":"https:\/\/dikcg.me\/wpold\/wp-json\/wp\/v2\/tags?post=7364"}],"curies":[{"name":"wp","href":"https:\/\/api.w.org\/{rel}","templated":true}]}}