{"id":7322,"date":"2022-09-19T12:58:53","date_gmt":"2022-09-19T11:58:53","guid":{"rendered":"https:\/\/dikcg.me\/wpold\/?p=7322"},"modified":"2022-09-26T13:16:57","modified_gmt":"2022-09-26T12:16:57","slug":"zapisnik-sa-37-sjednice","status":"publish","type":"post","link":"https:\/\/dikcg.me\/wpold\/zapisnik-sa-37-sjednice\/","title":{"rendered":"Zapisnik sa 37. sjednice"},"content":{"rendered":"<p><strong>Ad \u2013 1 <\/strong><br \/>\nKomisija je usvojila zapisnik sa 36. sjednice Komisije.<\/p>\n<p><strong>Ad \u2013 2 <\/strong><br \/>\nKomisija je konstatatovala da je saglasno Poslovniku izvr\u0161ena popuna upra\u017enjenog poslani\u010dkog mjesta, bez odr\u017eavanja sjednice, a izja\u0161njenjem \u010dlanova elektronskim putem poslanici <a href=\"https:\/\/dikcg.me\/wpold\/wp-content\/uploads\/2022\/07\/Izvjestaj-Nela-Savkovic-Vukcevic.pdf\">Neli Savkovi\u0107 Vuk\u010devi\u0107<\/a>, sa izborne liste Odlu\u010dno za Crnu Goru! DPS \u2013 Milo \u0110ukanovi\u0107.<\/p>\n<p><strong>Ad \u2013 3<\/strong><br \/>\nKomisija je donijela <a href=\"https:\/\/dikcg.me\/wpold\/wp-content\/uploads\/2022\/07\/Uputstvo-o-vrsenju-uvida-u-bs.pdf\">Uputstvo o na\u010dinu i postupku vr\u0161enja uvida u bira\u010dki spisak<\/a>.<br \/>\nUputstvo je objavljeno na web stranici Komisije.<\/p>\n<p><strong>Ad &#8211; 4<\/strong><br \/>\nKomisija je dala <a href=\"https:\/\/dikcg.me\/wpold\/wp-content\/uploads\/2022\/09\/zapisnik37.pdf\">Mi\u0161ljenje po Zahtjevu za mi\u0161ljenje SO Ro\u017eaje<\/a> broj 346 od 04.07.2022. godine.<br \/>\nMi\u0161ljenje je dostavljeno SO Ro\u017eaje i objavljeno na web stranici Komisije.<\/p>\n<p><strong>Ad \u2013 5<\/strong><br \/>\nKomisija je donijela Uputstvo o izmjeni i dopuni uputstva o jedinstvenim obrascima za sprovo\u0111enje izbornih radnji.<br \/>\nUputstvo je objavljeno u Slu\u017ebenom listu Crne Gore.<br \/>\nKomisija je zaklju\u010dila da \u0107e na nekoj od narednih sjednica razmatrati Priru\u010dnik za obuku \u010dlanova bira\u010dkih odbora u odnosu na omogu\u0107avanje samostalnog, tajnog i dostojanstvenog u\u010de\u0161\u0107a osoba sa invaliditetom.<\/p>\n","protected":false},"excerpt":{"rendered":"Ad \u2013 1 Komisija je usvojila zapisnik sa 36. sjednice Komisije. Ad \u2013 2 Komisija je konstatatovala da je saglasno Poslovniku izvr\u0161ena popuna upra\u017enjenog poslani\u010dkog mjesta, bez odr\u017eavanja sjednice, a izja\u0161njenjem \u010dlanova elektronskim putem poslanici Neli Savkovi\u0107 Vuk\u010devi\u0107, sa izborne liste Odlu\u010dno za Crnu Goru! DPS \u2013 Milo \u0110ukanovi\u0107. Ad \u2013 3 Komisija je donijela&#8230; <a href=\"https:\/\/dikcg.me\/wpold\/zapisnik-sa-37-sjednice\/\">Read more <i class=\"fas fa-angle-right\"><\/i><\/a>","protected":false},"author":56,"featured_media":0,"comment_status":"closed","ping_status":"closed","sticky":false,"template":"","format":"standard","meta":{"footnotes":""},"categories":[18],"tags":[247],"_links":{"self":[{"href":"https:\/\/dikcg.me\/wpold\/wp-json\/wp\/v2\/posts\/7322"}],"collection":[{"href":"https:\/\/dikcg.me\/wpold\/wp-json\/wp\/v2\/posts"}],"about":[{"href":"https:\/\/dikcg.me\/wpold\/wp-json\/wp\/v2\/types\/post"}],"author":[{"embeddable":true,"href":"https:\/\/dikcg.me\/wpold\/wp-json\/wp\/v2\/users\/56"}],"replies":[{"embeddable":true,"href":"https:\/\/dikcg.me\/wpold\/wp-json\/wp\/v2\/comments?post=7322"}],"version-history":[{"count":3,"href":"https:\/\/dikcg.me\/wpold\/wp-json\/wp\/v2\/posts\/7322\/revisions"}],"predecessor-version":[{"id":7332,"href":"https:\/\/dikcg.me\/wpold\/wp-json\/wp\/v2\/posts\/7322\/revisions\/7332"}],"wp:attachment":[{"href":"https:\/\/dikcg.me\/wpold\/wp-json\/wp\/v2\/media?parent=7322"}],"wp:term":[{"taxonomy":"category","embeddable":true,"href":"https:\/\/dikcg.me\/wpold\/wp-json\/wp\/v2\/categories?post=7322"},{"taxonomy":"post_tag","embeddable":true,"href":"https:\/\/dikcg.me\/wpold\/wp-json\/wp\/v2\/tags?post=7322"}],"curies":[{"name":"wp","href":"https:\/\/api.w.org\/{rel}","templated":true}]}}