{"id":7144,"date":"2022-07-12T11:34:36","date_gmt":"2022-07-12T10:34:36","guid":{"rendered":"https:\/\/dikcg.me\/wpold\/?p=7144"},"modified":"2022-07-12T11:44:10","modified_gmt":"2022-07-12T10:44:10","slug":"koizvjestioci-ps-savjeta-evrope-u-posjeti-dik-u","status":"publish","type":"post","link":"https:\/\/dikcg.me\/wpold\/koizvjestioci-ps-savjeta-evrope-u-posjeti-dik-u\/","title":{"rendered":"Koizvjestioci PS Savjeta Evrope u posjeti DIK-u"},"content":{"rendered":"<p>Predsjednik DIK-a Nikola Mugo\u0161a sastao se sa koizvjestiocima Parlamentarne Skup\u0161tine Savjeta Evrope za Crnu Goru Damjanom Kotijeom i Nikom Tornaritisom. Sastanku je prisustvovao i Metju Monin, sekretar Monitoring komiteta PSSE.<\/p>\n<p>Na sastanku je bilo rije\u010di o implementaciji ODIHR-ovih preporuka u cilju pobolj\u0161anja izbornog procesa uop\u0161te. Mugo\u0161a je informisao koizvjestioce o aktivnostima Dr\u017eavne izborne komisije koje se ti\u010du unapre\u0111enja transparentnosti rada, saradnje sa Misijom OEBS-a u Crnoj Gori i ODIHR-om, kao i civilnim sektorom. Sagovornici su se saglasili da je za op\u0161te unapre\u0111enje izbornog ambijenta potrebno intenzivirati procese koji se ti\u010du izborne reforme.<\/p>\n<p>Mugo\u0161a je naglasio da Dr\u017eavna izborna komisija ve\u0107 vi\u0161e mjeseci funkcioni\u0161e bez \u010dlana koji je predstavnik civilnog dru\u0161tva, nevladinog sektora i univerziteta, te izrazio o\u010dekivanje da \u0107e se ovaj proces uskoro privesti kraju.<\/p>\n<p><img loading=\"lazy\" decoding=\"async\" class=\"alignnone wp-image-7145 size-full\" src=\"https:\/\/dikcg.me\/wpold\/wp-content\/uploads\/2022\/07\/IMG-1954.jpg\" alt=\"\" width=\"1600\" height=\"1200\" srcset=\"https:\/\/dikcg.me\/wpold\/wp-content\/uploads\/2022\/07\/IMG-1954.jpg 1600w, https:\/\/dikcg.me\/wpold\/wp-content\/uploads\/2022\/07\/IMG-1954-250x188.jpg 250w, https:\/\/dikcg.me\/wpold\/wp-content\/uploads\/2022\/07\/IMG-1954-700x525.jpg 700w, https:\/\/dikcg.me\/wpold\/wp-content\/uploads\/2022\/07\/IMG-1954-768x576.jpg 768w, https:\/\/dikcg.me\/wpold\/wp-content\/uploads\/2022\/07\/IMG-1954-1536x1152.jpg 1536w, https:\/\/dikcg.me\/wpold\/wp-content\/uploads\/2022\/07\/IMG-1954-120x90.jpg 120w, https:\/\/dikcg.me\/wpold\/wp-content\/uploads\/2022\/07\/IMG-1954-1320x990.jpg 1320w\" sizes=\"(max-width: 1600px) 100vw, 1600px\" \/><\/p>\n","protected":false},"excerpt":{"rendered":"Predsjednik DIK-a Nikola Mugo\u0161a sastao se sa koizvjestiocima Parlamentarne Skup\u0161tine Savjeta Evrope za Crnu Goru Damjanom Kotijeom i Nikom Tornaritisom. Sastanku je prisustvovao i Metju Monin, sekretar Monitoring komiteta PSSE. Na sastanku je bilo rije\u010di o implementaciji ODIHR-ovih preporuka u cilju pobolj\u0161anja izbornog procesa uop\u0161te. Mugo\u0161a je informisao koizvjestioce o aktivnostima Dr\u017eavne izborne komisije koje&#8230; <a href=\"https:\/\/dikcg.me\/wpold\/koizvjestioci-ps-savjeta-evrope-u-posjeti-dik-u\/\">Read more <i class=\"fas fa-angle-right\"><\/i><\/a>","protected":false},"author":56,"featured_media":0,"comment_status":"closed","ping_status":"closed","sticky":false,"template":"","format":"standard","meta":{"footnotes":""},"categories":[15],"tags":[],"_links":{"self":[{"href":"https:\/\/dikcg.me\/wpold\/wp-json\/wp\/v2\/posts\/7144"}],"collection":[{"href":"https:\/\/dikcg.me\/wpold\/wp-json\/wp\/v2\/posts"}],"about":[{"href":"https:\/\/dikcg.me\/wpold\/wp-json\/wp\/v2\/types\/post"}],"author":[{"embeddable":true,"href":"https:\/\/dikcg.me\/wpold\/wp-json\/wp\/v2\/users\/56"}],"replies":[{"embeddable":true,"href":"https:\/\/dikcg.me\/wpold\/wp-json\/wp\/v2\/comments?post=7144"}],"version-history":[{"count":2,"href":"https:\/\/dikcg.me\/wpold\/wp-json\/wp\/v2\/posts\/7144\/revisions"}],"predecessor-version":[{"id":7149,"href":"https:\/\/dikcg.me\/wpold\/wp-json\/wp\/v2\/posts\/7144\/revisions\/7149"}],"wp:attachment":[{"href":"https:\/\/dikcg.me\/wpold\/wp-json\/wp\/v2\/media?parent=7144"}],"wp:term":[{"taxonomy":"category","embeddable":true,"href":"https:\/\/dikcg.me\/wpold\/wp-json\/wp\/v2\/categories?post=7144"},{"taxonomy":"post_tag","embeddable":true,"href":"https:\/\/dikcg.me\/wpold\/wp-json\/wp\/v2\/tags?post=7144"}],"curies":[{"name":"wp","href":"https:\/\/api.w.org\/{rel}","templated":true}]}}