{"id":7139,"date":"2022-07-07T14:04:38","date_gmt":"2022-07-07T13:04:38","guid":{"rendered":"https:\/\/dikcg.me\/wpold\/?p=7139"},"modified":"2022-07-07T14:04:38","modified_gmt":"2022-07-07T13:04:38","slug":"ambasadorka-vag-i-predsjednik-dik-mugosa-potpisali-sporazum-o-donaciji-video-opreme","status":"publish","type":"post","link":"https:\/\/dikcg.me\/wpold\/ambasadorka-vag-i-predsjednik-dik-mugosa-potpisali-sporazum-o-donaciji-video-opreme\/","title":{"rendered":"Ambasadorka Vag i predsjednik DIK Mugo\u0161a potpisali sporazum o donaciji video opreme"},"content":{"rendered":"<div class=\"panel-pane pane-node-body node-content html-formatted\">\n<div class=\"pane-content\">\n<p>U okviru svoje dugogodi\u0161nje podr\u0161ke Dr\u017eavnoj izbornoj komisiji (DIK), i sa ciljem da pomogne DIK da odgovori na preporuku ODIHR-a sa parlamentarnih izbora 2020. godine, Misija OEBS-a u Crnoj Gori je 7. jula 2022. godine Komisiji obezbijedila video opremu za prenos u\u017eivo, \u0161to \u0107e omogu\u0107iti javnosti i medijima da prate sjednice Komisije.<\/p>\n<p>\u0160efica Misije Dominique Waag kazala je da \u0107e ova donacija unaprijediti transparentnost Komisije i omogu\u0107iti gra\u0111anima da putem interneta u\u017eivo gledaju sastanke. \u201ePozdravljam jednoglasnu odluku Komisije da odr\u017eava javne sjednice. Vjerujem da \u0107e ova oprema pove\u0107ati povjerenje bira\u010da i javnosti u Komisiju\u201c, kazala je ambasadorka Waag.<\/p>\n<p>Predsjednik Dr\u017eavne izborne komisije Nikola Mugo\u0161a zahvalio je Misiji na vrijednoj donaciji i dodao da \u0107e nesumnjivo pobolj\u0161ati transparentnost rada Komisije. \u201ePitanje transparentnosti DIK-a je dugogodi\u0161nja prioritetna preporuka posmatra\u010dkih misija ODIHR-a i drago mi je da smo kona\u010dno uspjeli da odgovorimo na nju. Ugradnjom ove opreme, na\u0161e sjednice bi\u0107e otvorene za svakoga samo jednim klikom, a sve snimljene sjednice bi\u0107e arhivirane i dostupne gra\u0111anima\u201c, rekao je Mugo\u0161a.<\/p>\n<p>Istra\u017eivanje o percepciji i povjerenju javnosti u izborne komisije u Crnoj Gori, koje je Misija naru\u010dila u oktobru 2021. godine, pokazalo je da 87,3 odsto ispitanika smatra da bi, ako bi sjednice Dr\u017eavne izborne komisije bile javne, to izgradilo povjerenje javnosti u njen rad i izborni proces.<\/p>\n<p>Misija OEBS-a u Crnoj Gori radi sa Dr\u017eavnom izbornom komisijom i op\u0161tinskim izbornim komisijama na unaprje\u0111enju njihovih institucionalnih kapaciteta za sprovo\u0111enje izbora u skladu sa OEBS-ovim i me\u0111unarodnim standardima. Misija, tako\u0111e, promovi\u0161e dijalog izme\u0111u organa za upravljanje izborima i nevladinih organizacija kako bi se osiguralo da osobe sa invaliditetom mogu da ostvare svoje pravo da glasaju nezavisno i tajno.<\/p>\n<\/div>\n<p style=\"text-align: center;\"><img loading=\"lazy\" decoding=\"async\" class=\"alignnone wp-image-7140 size-full\" src=\"https:\/\/dikcg.me\/wpold\/wp-content\/uploads\/2022\/07\/522202.jpg\" alt=\"\" width=\"940\" height=\"508\" srcset=\"https:\/\/dikcg.me\/wpold\/wp-content\/uploads\/2022\/07\/522202.jpg 940w, https:\/\/dikcg.me\/wpold\/wp-content\/uploads\/2022\/07\/522202-250x135.jpg 250w, https:\/\/dikcg.me\/wpold\/wp-content\/uploads\/2022\/07\/522202-700x378.jpg 700w, https:\/\/dikcg.me\/wpold\/wp-content\/uploads\/2022\/07\/522202-768x415.jpg 768w, https:\/\/dikcg.me\/wpold\/wp-content\/uploads\/2022\/07\/522202-120x65.jpg 120w\" sizes=\"(max-width: 940px) 100vw, 940px\" \/><\/p>\n<p style=\"text-align: center;\"><em>\u0160efica Misije OEBS-a u Crnoj Gori Dominique Waag i predsjednik Dr\u017eavne izborne komisije Nikola Mugo\u0161a nakon potpisivanja ugovora o donaciji opreme koja c\u0301e obezbijediti direktan prenos sjednica Komisije, Podgorica, 7. jul 2022. godine. (OSCE\/Marina \u017divaljevi\u0107)<\/em><\/p>\n<\/div>\n","protected":false},"excerpt":{"rendered":"U okviru svoje dugogodi\u0161nje podr\u0161ke Dr\u017eavnoj izbornoj komisiji (DIK), i sa ciljem da pomogne DIK da odgovori na preporuku ODIHR-a sa parlamentarnih izbora 2020. godine, Misija OEBS-a u Crnoj Gori je 7. jula 2022. godine Komisiji obezbijedila video opremu za prenos u\u017eivo, \u0161to \u0107e omogu\u0107iti javnosti i medijima da prate sjednice Komisije. \u0160efica Misije Dominique&#8230; <a href=\"https:\/\/dikcg.me\/wpold\/ambasadorka-vag-i-predsjednik-dik-mugosa-potpisali-sporazum-o-donaciji-video-opreme\/\">Read more <i class=\"fas fa-angle-right\"><\/i><\/a>","protected":false},"author":56,"featured_media":0,"comment_status":"closed","ping_status":"closed","sticky":false,"template":"","format":"standard","meta":{"footnotes":""},"categories":[15],"tags":[],"_links":{"self":[{"href":"https:\/\/dikcg.me\/wpold\/wp-json\/wp\/v2\/posts\/7139"}],"collection":[{"href":"https:\/\/dikcg.me\/wpold\/wp-json\/wp\/v2\/posts"}],"about":[{"href":"https:\/\/dikcg.me\/wpold\/wp-json\/wp\/v2\/types\/post"}],"author":[{"embeddable":true,"href":"https:\/\/dikcg.me\/wpold\/wp-json\/wp\/v2\/users\/56"}],"replies":[{"embeddable":true,"href":"https:\/\/dikcg.me\/wpold\/wp-json\/wp\/v2\/comments?post=7139"}],"version-history":[{"count":2,"href":"https:\/\/dikcg.me\/wpold\/wp-json\/wp\/v2\/posts\/7139\/revisions"}],"predecessor-version":[{"id":7143,"href":"https:\/\/dikcg.me\/wpold\/wp-json\/wp\/v2\/posts\/7139\/revisions\/7143"}],"wp:attachment":[{"href":"https:\/\/dikcg.me\/wpold\/wp-json\/wp\/v2\/media?parent=7139"}],"wp:term":[{"taxonomy":"category","embeddable":true,"href":"https:\/\/dikcg.me\/wpold\/wp-json\/wp\/v2\/categories?post=7139"},{"taxonomy":"post_tag","embeddable":true,"href":"https:\/\/dikcg.me\/wpold\/wp-json\/wp\/v2\/tags?post=7139"}],"curies":[{"name":"wp","href":"https:\/\/api.w.org\/{rel}","templated":true}]}}