{"id":6959,"date":"2022-06-10T12:07:03","date_gmt":"2022-06-10T11:07:03","guid":{"rendered":"https:\/\/dikcg.me\/wpold\/?p=6959"},"modified":"2022-06-11T12:34:00","modified_gmt":"2022-06-11T11:34:00","slug":"predsjednik-drzavne-izborne-komisije-na-globalnom-samitu-za-izbornu-demokratiju","status":"publish","type":"post","link":"https:\/\/dikcg.me\/wpold\/predsjednik-drzavne-izborne-komisije-na-globalnom-samitu-za-izbornu-demokratiju\/","title":{"rendered":"Predsjednik Dr\u017eavne izborne komisije u\u010destvovao na Globalnom Samitu za izbornu demokratiju"},"content":{"rendered":"<p>Predsjednik Dr\u017eavne izborne komisije dr Nikola Mugo\u0161a sa saradnicama u\u010destvovao je na Globalnom Samitu za izbornu demokratiju u organizaciji Evropskog regionalnog foruma u Budimpe\u0161ti.<\/p>\n<p>Ovaj doga\u0111aj bio je dobra prilika da se razmijene najbolje prakse izme\u0111u predstavnika organa za sprovo\u0111enje izbora, akademske zajednice i me\u0111unarodnih organizacija.<\/p>\n<p>Na Samitu je bilo rije\u010di o izazovima sa kojima se organi za sprovo\u0111enje izbora suo\u010davaju u eri digitalne transformacije i sve ve\u0107eg upliva tehnologije u izborni proces.<\/p>\n<p>Na marginama sastanka, razgovarano je o mogu\u0107nostima osnivanja organizacije izbornih komisija evropskih dr\u017eava.<\/p>\n<p><img loading=\"lazy\" decoding=\"async\" class=\"alignnone wp-image-6960 size-full\" src=\"https:\/\/dikcg.me\/wpold\/wp-content\/uploads\/2022\/06\/FU0WSdeXwAEmrjP.jpg\" alt=\"\" width=\"1600\" height=\"1200\" srcset=\"https:\/\/dikcg.me\/wpold\/wp-content\/uploads\/2022\/06\/FU0WSdeXwAEmrjP.jpg 1600w, https:\/\/dikcg.me\/wpold\/wp-content\/uploads\/2022\/06\/FU0WSdeXwAEmrjP-250x188.jpg 250w, https:\/\/dikcg.me\/wpold\/wp-content\/uploads\/2022\/06\/FU0WSdeXwAEmrjP-700x525.jpg 700w, https:\/\/dikcg.me\/wpold\/wp-content\/uploads\/2022\/06\/FU0WSdeXwAEmrjP-768x576.jpg 768w, https:\/\/dikcg.me\/wpold\/wp-content\/uploads\/2022\/06\/FU0WSdeXwAEmrjP-1536x1152.jpg 1536w, https:\/\/dikcg.me\/wpold\/wp-content\/uploads\/2022\/06\/FU0WSdeXwAEmrjP-120x90.jpg 120w, https:\/\/dikcg.me\/wpold\/wp-content\/uploads\/2022\/06\/FU0WSdeXwAEmrjP-1320x990.jpg 1320w\" sizes=\"(max-width: 1600px) 100vw, 1600px\" \/><\/p>\n<p>&nbsp;<\/p>\n","protected":false},"excerpt":{"rendered":"Predsjednik Dr\u017eavne izborne komisije dr Nikola Mugo\u0161a sa saradnicama u\u010destvovao je na Globalnom Samitu za izbornu demokratiju u organizaciji Evropskog regionalnog foruma u Budimpe\u0161ti. Ovaj doga\u0111aj bio je dobra prilika da se razmijene najbolje prakse izme\u0111u predstavnika organa za sprovo\u0111enje izbora, akademske zajednice i me\u0111unarodnih organizacija. Na Samitu je bilo rije\u010di o izazovima sa kojima&#8230; <a href=\"https:\/\/dikcg.me\/wpold\/predsjednik-drzavne-izborne-komisije-na-globalnom-samitu-za-izbornu-demokratiju\/\">Read more <i class=\"fas fa-angle-right\"><\/i><\/a>","protected":false},"author":56,"featured_media":0,"comment_status":"closed","ping_status":"closed","sticky":false,"template":"","format":"standard","meta":{"footnotes":""},"categories":[15],"tags":[],"_links":{"self":[{"href":"https:\/\/dikcg.me\/wpold\/wp-json\/wp\/v2\/posts\/6959"}],"collection":[{"href":"https:\/\/dikcg.me\/wpold\/wp-json\/wp\/v2\/posts"}],"about":[{"href":"https:\/\/dikcg.me\/wpold\/wp-json\/wp\/v2\/types\/post"}],"author":[{"embeddable":true,"href":"https:\/\/dikcg.me\/wpold\/wp-json\/wp\/v2\/users\/56"}],"replies":[{"embeddable":true,"href":"https:\/\/dikcg.me\/wpold\/wp-json\/wp\/v2\/comments?post=6959"}],"version-history":[{"count":6,"href":"https:\/\/dikcg.me\/wpold\/wp-json\/wp\/v2\/posts\/6959\/revisions"}],"predecessor-version":[{"id":6971,"href":"https:\/\/dikcg.me\/wpold\/wp-json\/wp\/v2\/posts\/6959\/revisions\/6971"}],"wp:attachment":[{"href":"https:\/\/dikcg.me\/wpold\/wp-json\/wp\/v2\/media?parent=6959"}],"wp:term":[{"taxonomy":"category","embeddable":true,"href":"https:\/\/dikcg.me\/wpold\/wp-json\/wp\/v2\/categories?post=6959"},{"taxonomy":"post_tag","embeddable":true,"href":"https:\/\/dikcg.me\/wpold\/wp-json\/wp\/v2\/tags?post=6959"}],"curies":[{"name":"wp","href":"https:\/\/api.w.org\/{rel}","templated":true}]}}