{"id":6896,"date":"2022-05-26T13:33:40","date_gmt":"2022-05-26T12:33:40","guid":{"rendered":"https:\/\/dikcg.me\/wpold\/?p=6896"},"modified":"2022-05-26T13:33:40","modified_gmt":"2022-05-26T12:33:40","slug":"misljenje-po-zahtjevima-udruzenja-gradana-glas-za-novi-i-gradanskog-pokreta-ura","status":"publish","type":"post","link":"https:\/\/dikcg.me\/wpold\/misljenje-po-zahtjevima-udruzenja-gradana-glas-za-novi-i-gradanskog-pokreta-ura\/","title":{"rendered":"Mi\u0161ljenje po zahtjevima Udru\u017eenja gra\u0111ana \u201eGlas za Novi\u201c i Gra\u0111anskog pokreta URA"},"content":{"rendered":"<p>Dr\u017eavna izborna komisija, na sjednici odr\u017eanoj 26. maja 2022. godine, razmotrila je Zahtjev za mi\u0161ljenje Udru\u017eenja gra\u0111ana \u00bbGlas za Novi\u00ab broj: 248 od 13.05.2022.godine i Gra\u0111anskog pokreta URA broj: 262 od 19.05.2022. godine. U zahtjevu UG \u00bbGlas za Novi\u00ab navodi se da su nastupili na zajedni\u010dkoj izbornoj listi sa Pravom Crnom Gorom na uzborima za izbor odbornika u SO Herceg Novi i da je ova lista osvojila jedan odborni\u010dki mandat. Dalje navode, da je odbornik, pod rednim brojem 1, kojem je verifikovan mandat podnio ostavku na odborni\u010dko mjesto, kandidat pod rednim bojem 2 dostavio izjavu o neprihvatanju odborni\u010dkog mandata te da je kandidatkinja pod rednim brojem 3 dostavila izjavu o prihvatanju mandata OIK Herceg Novi. Zahtjevom tra\u017ee mi\u0161ljenje da li odborni\u010dki mandat pripada kandidatkinji pod rednim brojem 3 sa zajedni\u010dke izborne liste. GP URA \u00a0zahtjevom za mi\u0161ljenje tra\u017ei rje\u0161enje navedene dileme.<\/p>\n<p>U vezi sa navedenim, Dr\u017eavna izborna komisija, daje sljede\u0107e<\/p>\n<p style=\"text-align: center;\"><a href=\"https:\/\/dikcg.me\/wpold\/wp-content\/uploads\/2022\/05\/Misljenje-UG-Glas-za-Novi-i-GP-URA.pdf\">MI\u0160LJENJE<\/a><\/p>\n","protected":false},"excerpt":{"rendered":"Dr\u017eavna izborna komisija, na sjednici odr\u017eanoj 26. maja 2022. godine, razmotrila je Zahtjev za mi\u0161ljenje Udru\u017eenja gra\u0111ana \u00bbGlas za Novi\u00ab broj: 248 od 13.05.2022.godine i Gra\u0111anskog pokreta URA broj: 262 od 19.05.2022. godine. U zahtjevu UG \u00bbGlas za Novi\u00ab navodi se da su nastupili na zajedni\u010dkoj izbornoj listi sa Pravom Crnom Gorom na uzborima za&#8230; <a href=\"https:\/\/dikcg.me\/wpold\/misljenje-po-zahtjevima-udruzenja-gradana-glas-za-novi-i-gradanskog-pokreta-ura\/\">Read more <i class=\"fas fa-angle-right\"><\/i><\/a>","protected":false},"author":56,"featured_media":0,"comment_status":"closed","ping_status":"closed","sticky":false,"template":"","format":"standard","meta":{"footnotes":""},"categories":[17],"tags":[244],"_links":{"self":[{"href":"https:\/\/dikcg.me\/wpold\/wp-json\/wp\/v2\/posts\/6896"}],"collection":[{"href":"https:\/\/dikcg.me\/wpold\/wp-json\/wp\/v2\/posts"}],"about":[{"href":"https:\/\/dikcg.me\/wpold\/wp-json\/wp\/v2\/types\/post"}],"author":[{"embeddable":true,"href":"https:\/\/dikcg.me\/wpold\/wp-json\/wp\/v2\/users\/56"}],"replies":[{"embeddable":true,"href":"https:\/\/dikcg.me\/wpold\/wp-json\/wp\/v2\/comments?post=6896"}],"version-history":[{"count":1,"href":"https:\/\/dikcg.me\/wpold\/wp-json\/wp\/v2\/posts\/6896\/revisions"}],"predecessor-version":[{"id":6899,"href":"https:\/\/dikcg.me\/wpold\/wp-json\/wp\/v2\/posts\/6896\/revisions\/6899"}],"wp:attachment":[{"href":"https:\/\/dikcg.me\/wpold\/wp-json\/wp\/v2\/media?parent=6896"}],"wp:term":[{"taxonomy":"category","embeddable":true,"href":"https:\/\/dikcg.me\/wpold\/wp-json\/wp\/v2\/categories?post=6896"},{"taxonomy":"post_tag","embeddable":true,"href":"https:\/\/dikcg.me\/wpold\/wp-json\/wp\/v2\/tags?post=6896"}],"curies":[{"name":"wp","href":"https:\/\/api.w.org\/{rel}","templated":true}]}}