{"id":6890,"date":"2022-05-26T12:48:45","date_gmt":"2022-05-26T11:48:45","guid":{"rendered":"https:\/\/dikcg.me\/wpold\/?p=6890"},"modified":"2022-06-27T08:13:58","modified_gmt":"2022-06-27T07:13:58","slug":"zapisnik-sa-31-sjednice","status":"publish","type":"post","link":"https:\/\/dikcg.me\/wpold\/zapisnik-sa-31-sjednice\/","title":{"rendered":"Zapisnik sa 31. sjednice"},"content":{"rendered":"<p><strong>Ad \u2013 1 <\/strong><br \/>\nKomisija je jednoglasno usvojila zapisnik sa 29. sjednice Komisije.<br \/>\nKomisija je ve\u0107inom glasova usvojila zapisnik sa 30. sjednice Komisije. Uzdr\u017eani su bili Milo\u0161 Giljen i Nikola Angelovski koji nijesu prisustvovali sjednici.<\/p>\n<p><strong>Ad \u2013 2 <\/strong><br \/>\nRje\u0161avaju\u0107i po Prigovoru broj 253 od 16.05.2022. godine, podnosioca izborne liste \u201eMILO BO\u017dOVI\u0106-BUDVA NA PRVOM MJESTU\u201c DF (NOVA SRPSKA DEMOKRATIJA, POKRET ZA PROMJENE, DEMOKRATSKA NARODNA PARTIJA CRNE GORE) za izbor odbornika u SO Budva, koalicije \u201eDEMOKRATSKI FRONT (NOVA SRPSKA DEMOKRATIJA, POKRET ZA PROMJENE, DEMOKRATSKA NARODNA PARTIJA CRNE GORE) na Rje\u0161enje OIK Budva broj: 42-2022 od 13.05.2022. godine, Komisija je nakon rasprave donijela Rje\u0161enje kojim se Prigovor odbija kao neosnovan.<br \/>\n<a href=\"https:\/\/dikcg.me\/wpold\/wp-content\/uploads\/2022\/05\/22-253-4-DF-BUDVA-FINAL.pdf\">Rje\u0161enje<\/a> je objavljeno na web stranici Komisije.<\/p>\n<p><strong>Ad \u2013 3<\/strong><br \/>\nRje\u0161avaju\u0107i po Prigovoru Mom\u010dila Lekovi\u0107a direktora Demokratske Crne Gore broj 258 od 16.05.2022. godine na Rje\u0161enje OIK Budva broj 41-2022 od 13.05.2022. godine, Komisija je nakon rasprave donijela Rje\u0161enje kojim se Prigovor odbija kao neosnovan.<br \/>\n<a href=\"https:\/\/dikcg.me\/wpold\/wp-content\/uploads\/2022\/05\/22-258-3-DEMOKRATE-BUDVA-FINAL.pdf\">Rje\u0161enje<\/a> je objavljeno na web stranici Komisije.<\/p>\n","protected":false},"excerpt":{"rendered":"Ad \u2013 1 Komisija je jednoglasno usvojila zapisnik sa 29. sjednice Komisije. Komisija je ve\u0107inom glasova usvojila zapisnik sa 30. sjednice Komisije. Uzdr\u017eani su bili Milo\u0161 Giljen i Nikola Angelovski koji nijesu prisustvovali sjednici. Ad \u2013 2 Rje\u0161avaju\u0107i po Prigovoru broj 253 od 16.05.2022. godine, podnosioca izborne liste \u201eMILO BO\u017dOVI\u0106-BUDVA NA PRVOM MJESTU\u201c DF (NOVA&#8230; <a href=\"https:\/\/dikcg.me\/wpold\/zapisnik-sa-31-sjednice\/\">Read more <i class=\"fas fa-angle-right\"><\/i><\/a>","protected":false},"author":56,"featured_media":0,"comment_status":"closed","ping_status":"closed","sticky":false,"template":"","format":"standard","meta":{"footnotes":""},"categories":[18],"tags":[247],"_links":{"self":[{"href":"https:\/\/dikcg.me\/wpold\/wp-json\/wp\/v2\/posts\/6890"}],"collection":[{"href":"https:\/\/dikcg.me\/wpold\/wp-json\/wp\/v2\/posts"}],"about":[{"href":"https:\/\/dikcg.me\/wpold\/wp-json\/wp\/v2\/types\/post"}],"author":[{"embeddable":true,"href":"https:\/\/dikcg.me\/wpold\/wp-json\/wp\/v2\/users\/56"}],"replies":[{"embeddable":true,"href":"https:\/\/dikcg.me\/wpold\/wp-json\/wp\/v2\/comments?post=6890"}],"version-history":[{"count":2,"href":"https:\/\/dikcg.me\/wpold\/wp-json\/wp\/v2\/posts\/6890\/revisions"}],"predecessor-version":[{"id":6894,"href":"https:\/\/dikcg.me\/wpold\/wp-json\/wp\/v2\/posts\/6890\/revisions\/6894"}],"wp:attachment":[{"href":"https:\/\/dikcg.me\/wpold\/wp-json\/wp\/v2\/media?parent=6890"}],"wp:term":[{"taxonomy":"category","embeddable":true,"href":"https:\/\/dikcg.me\/wpold\/wp-json\/wp\/v2\/categories?post=6890"},{"taxonomy":"post_tag","embeddable":true,"href":"https:\/\/dikcg.me\/wpold\/wp-json\/wp\/v2\/tags?post=6890"}],"curies":[{"name":"wp","href":"https:\/\/api.w.org\/{rel}","templated":true}]}}