{"id":6843,"date":"2022-05-14T15:03:45","date_gmt":"2022-05-14T14:03:45","guid":{"rendered":"https:\/\/dikcg.me\/wpold\/?p=6843"},"modified":"2022-05-14T15:03:45","modified_gmt":"2022-05-14T14:03:45","slug":"odbijen-prigovor-momcila-lekovica-direktora-demokratske-crne-gore-podnijet-na-rjesenje-oik-zabljak","status":"publish","type":"post","link":"https:\/\/dikcg.me\/wpold\/odbijen-prigovor-momcila-lekovica-direktora-demokratske-crne-gore-podnijet-na-rjesenje-oik-zabljak\/","title":{"rendered":"Odbijen Prigovor Mom\u010dila Lekovi\u0107a, direktora Demokratske Crne Gore podnijet na Rje\u0161enje OIK \u017dabljak"},"content":{"rendered":"","protected":false},"excerpt":{"rendered":"","protected":false},"author":56,"featured_media":0,"comment_status":"closed","ping_status":"closed","sticky":false,"template":"","format":"standard","meta":{"footnotes":""},"categories":[17],"tags":[242],"_links":{"self":[{"href":"https:\/\/dikcg.me\/wpold\/wp-json\/wp\/v2\/posts\/6843"}],"collection":[{"href":"https:\/\/dikcg.me\/wpold\/wp-json\/wp\/v2\/posts"}],"about":[{"href":"https:\/\/dikcg.me\/wpold\/wp-json\/wp\/v2\/types\/post"}],"author":[{"embeddable":true,"href":"https:\/\/dikcg.me\/wpold\/wp-json\/wp\/v2\/users\/56"}],"replies":[{"embeddable":true,"href":"https:\/\/dikcg.me\/wpold\/wp-json\/wp\/v2\/comments?post=6843"}],"version-history":[{"count":2,"href":"https:\/\/dikcg.me\/wpold\/wp-json\/wp\/v2\/posts\/6843\/revisions"}],"predecessor-version":[{"id":6847,"href":"https:\/\/dikcg.me\/wpold\/wp-json\/wp\/v2\/posts\/6843\/revisions\/6847"}],"wp:attachment":[{"href":"https:\/\/dikcg.me\/wpold\/wp-json\/wp\/v2\/media?parent=6843"}],"wp:term":[{"taxonomy":"category","embeddable":true,"href":"https:\/\/dikcg.me\/wpold\/wp-json\/wp\/v2\/categories?post=6843"},{"taxonomy":"post_tag","embeddable":true,"href":"https:\/\/dikcg.me\/wpold\/wp-json\/wp\/v2\/tags?post=6843"}],"curies":[{"name":"wp","href":"https:\/\/api.w.org\/{rel}","templated":true}]}}