{"id":6785,"date":"2022-05-04T14:07:09","date_gmt":"2022-05-04T13:07:09","guid":{"rendered":"https:\/\/dikcg.me\/wpold\/?p=6785"},"modified":"2022-06-27T08:15:17","modified_gmt":"2022-06-27T07:15:17","slug":"zapisnik-sa-27-sjednice","status":"publish","type":"post","link":"https:\/\/dikcg.me\/wpold\/zapisnik-sa-27-sjednice\/","title":{"rendered":"Zapisnik sa 27. sjednice"},"content":{"rendered":"<p><strong>Ad \u2013 1 <\/strong><br \/>\nKomisija je ve\u0107inom glasova usvojila zapisnik sa 26. sjednice Komisije. Uzdr\u017ean je bio predsjednik Komisije koji nije prisustvovao prethodnoj sjednici.<\/p>\n<p><strong>Ad- 2<\/strong><br \/>\nKomisija je dala Mi\u0161ljenje po Zahtjevu za mi\u0161ljenje predsjednika OIK Ulcinj broj 210 od 19.04.20022. godine.<br \/>\nMi\u0161ljenje je dostavljeno predsjedniku OIK Ulcinj i objavljeno na web stranici Komisije. Sjednica je prekinuta u 12:55 sati. Komisiji je iz Skup\u0161tine Crne Gore stigao dopis kojim je Komisija obavije\u0161tena o potrebi popune upra\u017enjenih poslani\u010dkih mjesta nakon \u0161to su dvojici poslanika konstatovane ostavke. Komisija je pro\u0161irila dnevni red i nakon ta\u010dke 2. dodata je ta\u010dka 3.-popuna upra\u017enjenih poslani\u010dkih mjesta. Sjednica je nastavljena u 13:05 sati.<\/p>\n<p><strong>Ad- 3<\/strong><br \/>\nNakon uvida u dostavljenu dokumentaciju, Komisija je saglasno Zakonu i Poslovniku o radu DIK-a potvrdila da upra\u017enjena poslani\u010dka mjesta nakon ostavki poslanika Strahinje Bulaji\u0107a i Mila Bo\u017eovi\u0107a pripadaju poslanicima Janku Milatovi\u0107u i Andriji Mandi\u0107u, sa izborne liste \u201e\u0417\u0410 \u0411\u0423\u0414\u0423\u040b\u041d\u041e\u0421\u0422 \u0426\u0420\u041d\u0415 \u0413\u041e\u0420\u0415 \u2013 \u0414\u0435\u043c\u043e\u043a\u0440\u0430\u0442\u0441\u043a\u0438 \u0444\u0440\u043e\u043d\u0442 (\u041d\u043e\u0432\u0430 \u0441\u0440\u043f\u0441\u043a\u0430 \u0434\u0435\u043c\u043e\u043a\u0440\u0430\u0442\u0438\u0458\u0430, \u041f\u043e\u043a\u0440\u0435\u0442 \u0437\u0430 \u043f\u0440\u043e\u043c\u0458\u0435\u043d\u0435, \u0414\u0435\u043c\u043e\u043a\u0440\u0430\u0442\u0441\u043a\u0430 \u043d\u0430\u0440\u043e\u0434\u043d\u0430 \u043f\u0430\u0440\u0442\u0438\u0458\u0430), \u0421\u043e\u0446\u0438\u0458\u0430\u043b\u0438\u0441\u0442\u0438\u0447\u043a\u0430 \u043d\u0430\u0440\u043e\u0434\u043d\u0430 \u043f\u0430\u0440\u0442\u0438\u0458\u0430 \u0426\u0440\u043d\u0435 \u0413\u043e\u0440\u0435, \u041f\u0440\u0430\u0432\u0430 \u0426\u0440\u043d\u0430 \u0413\u043e\u0440\u0430, \u0423\u0458\u0435\u0434\u0438\u045a\u0435\u043d\u0430 \u0426\u0440\u043d\u0430 \u0413\u043e\u0440\u0430, \u0420\u0430\u0434\u043d\u0438\u0447\u043a\u0430 \u043f\u0430\u0440\u0442\u0438\u0458\u0430, \u041f\u0430\u0440\u0442\u0438\u0458\u0430 \u0443\u0434\u0440\u0443\u0436\u0435\u043d\u0438\u0445 \u043f\u0435\u043d\u0437\u0438\u043e\u043d\u0435\u0440\u0430 \u0438 \u0438\u043d\u0432\u0430\u043b\u0438\u0434\u0430 \u0426\u0440\u043d\u0435 \u0413\u043e\u0440\u0435, \u0408\u0443\u0433\u043e\u0441\u043b\u043e\u0432\u0435\u043d\u0441\u043a\u0430 \u043a\u043e\u043c\u0443\u043d\u0438\u0441\u0442\u0438\u0447\u043a\u0430 \u043f\u0430\u0440\u0442\u0438\u0458\u0430 \u0426\u0440\u043d\u0435 \u0413\u043e\u0440\u0435, \u0421\u0440\u043f\u0441\u043a\u0430 \u0440\u0430\u0434\u0438\u043a\u0430\u043b\u043d\u0430 \u0441\u0442\u0440\u0430\u043d\u043a\u0430, \u0421\u0442\u0440\u0430\u043d\u043a\u0430 \u043f\u0435\u043d\u0437\u0438\u043e\u043d\u0435\u0440\u0430 \u0438\u043d\u0432\u0430\u043b\u0438\u0434\u0430 \u0438 \u0441\u043e\u0446\u0438\u0458\u0430\u043b\u043d\u0435 \u043f\u0440\u0430\u0432\u0434\u0435 \u0426\u0440\u043d\u0435 \u0413\u043e\u0440\u0435)\u201c. Komisija je izvje\u0161taje o popuni upra\u017enjenih poslani\u010dkih mjesta dostavila Skup\u0161tini Crne Gore.<\/p>\n<p><strong>Ad- 4<\/strong><br \/>\nKomisija je razmatrala komentare ODIHR-a na podzakonska akta Dr\u017eavne izborne komisije. Komisija je zaklju\u010dila da \u0107e nastaviti razmatranje komentara koji se odnose i na preostale podzakonske akte \u010dim budu dostavljeni od strane ODIHR-a.<\/p>\n","protected":false},"excerpt":{"rendered":"Ad \u2013 1 Komisija je ve\u0107inom glasova usvojila zapisnik sa 26. sjednice Komisije. Uzdr\u017ean je bio predsjednik Komisije koji nije prisustvovao prethodnoj sjednici. Ad- 2 Komisija je dala Mi\u0161ljenje po Zahtjevu za mi\u0161ljenje predsjednika OIK Ulcinj broj 210 od 19.04.20022. godine. Mi\u0161ljenje je dostavljeno predsjedniku OIK Ulcinj i objavljeno na web stranici Komisije. Sjednica je&#8230; <a href=\"https:\/\/dikcg.me\/wpold\/zapisnik-sa-27-sjednice\/\">Read more <i class=\"fas fa-angle-right\"><\/i><\/a>","protected":false},"author":56,"featured_media":0,"comment_status":"closed","ping_status":"closed","sticky":false,"template":"","format":"standard","meta":{"footnotes":""},"categories":[18],"tags":[247],"_links":{"self":[{"href":"https:\/\/dikcg.me\/wpold\/wp-json\/wp\/v2\/posts\/6785"}],"collection":[{"href":"https:\/\/dikcg.me\/wpold\/wp-json\/wp\/v2\/posts"}],"about":[{"href":"https:\/\/dikcg.me\/wpold\/wp-json\/wp\/v2\/types\/post"}],"author":[{"embeddable":true,"href":"https:\/\/dikcg.me\/wpold\/wp-json\/wp\/v2\/users\/56"}],"replies":[{"embeddable":true,"href":"https:\/\/dikcg.me\/wpold\/wp-json\/wp\/v2\/comments?post=6785"}],"version-history":[{"count":1,"href":"https:\/\/dikcg.me\/wpold\/wp-json\/wp\/v2\/posts\/6785\/revisions"}],"predecessor-version":[{"id":6788,"href":"https:\/\/dikcg.me\/wpold\/wp-json\/wp\/v2\/posts\/6785\/revisions\/6788"}],"wp:attachment":[{"href":"https:\/\/dikcg.me\/wpold\/wp-json\/wp\/v2\/media?parent=6785"}],"wp:term":[{"taxonomy":"category","embeddable":true,"href":"https:\/\/dikcg.me\/wpold\/wp-json\/wp\/v2\/categories?post=6785"},{"taxonomy":"post_tag","embeddable":true,"href":"https:\/\/dikcg.me\/wpold\/wp-json\/wp\/v2\/tags?post=6785"}],"curies":[{"name":"wp","href":"https:\/\/api.w.org\/{rel}","templated":true}]}}