{"id":6734,"date":"2022-04-28T12:33:56","date_gmt":"2022-04-28T11:33:56","guid":{"rendered":"https:\/\/dikcg.me\/wpold\/?p=6734"},"modified":"2022-05-04T14:07:42","modified_gmt":"2022-05-04T13:07:42","slug":"potvrdeni-mandati-milatovicu-i-mandicu","status":"publish","type":"post","link":"https:\/\/dikcg.me\/wpold\/potvrdeni-mandati-milatovicu-i-mandicu\/","title":{"rendered":"Potvr\u0111eni mandati Milatovi\u0107u i Mandi\u0107u"},"content":{"rendered":"<p>Dr\u017eavna izborna komisija na dana\u0161njoj sjednici potvrdila je da upra\u017enjeni poslani\u010dki mandati pripadaju <strong>Janku Milatovi\u0107u<\/strong> i <strong>Andriji Mandi\u0107u<\/strong> sa izborne liste \u201e\u0417\u0410 \u0411\u0423\u0414\u0423\u040b\u041d\u041e\u0421\u0422 \u0426\u0420\u041d\u0415 \u0413\u041e\u0420\u0415 \u2013 \u0414\u0435\u043c\u043e\u043a\u0440\u0430\u0442\u0441\u043a\u0438 \u0444\u0440\u043e\u043d\u0442 (\u041d\u043e\u0432\u0430 \u0441\u0440\u043f\u0441\u043a\u0430 \u0434\u0435\u043c\u043e\u043a\u0440\u0430\u0442\u0438\u0458\u0430, \u041f\u043e\u043a\u0440\u0435\u0442 \u0437\u0430 \u043f\u0440\u043e\u043c\u0458\u0435\u043d\u0435, \u0414\u0435\u043c\u043e\u043a\u0440\u0430\u0442\u0441\u043a\u0430 \u043d\u0430\u0440\u043e\u0434\u043d\u0430 \u043f\u0430\u0440\u0442\u0438\u0458\u0430), \u0421\u043e\u0446\u0438\u0458\u0430\u043b\u0438\u0441\u0442\u0438\u0447\u043a\u0430 \u043d\u0430\u0440\u043e\u0434\u043d\u0430 \u043f\u0430\u0440\u0442\u0438\u0458\u0430 \u0426\u0440\u043d\u0435 \u0413\u043e\u0440\u0435, \u041f\u0440\u0430\u0432\u0430 \u0426\u0440\u043d\u0430 \u0413\u043e\u0440\u0430, \u0423\u0458\u0435\u0434\u0438\u045a\u0435\u043d\u0430 \u0426\u0440\u043d\u0430 \u0413\u043e\u0440\u0430, \u0420\u0430\u0434\u043d\u0438\u0447\u043a\u0430 \u043f\u0430\u0440\u0442\u0438\u0458\u0430, \u041f\u0430\u0440\u0442\u0438\u0458\u0430 \u0443\u0434\u0440\u0443\u0436\u0435\u043d\u0438\u0445 \u043f\u0435\u043d\u0437\u0438\u043e\u043d\u0435\u0440\u0430 \u0438 \u0438\u043d\u0432\u0430\u043b\u0438\u0434\u0430 \u0426\u0440\u043d\u0435 \u0413\u043e\u0440\u0435, \u0408\u0443\u0433\u043e\u0441\u043b\u043e\u0432\u0435\u043d\u0441\u043a\u0430 \u043a\u043e\u043c\u0443\u043d\u0438\u0441\u0442\u0438\u0447\u043a\u0430 \u043f\u0430\u0440\u0442\u0438\u0458\u0430 \u0426\u0440\u043d\u0435 \u0413\u043e\u0440\u0435, \u0421\u0440\u043f\u0441\u043a\u0430 \u0440\u0430\u0434\u0438\u043a\u0430\u043b\u043d\u0430 \u0441\u0442\u0440\u0430\u043d\u043a\u0430, \u0421\u0442\u0440\u0430\u043d\u043a\u0430 \u043f\u0435\u043d\u0437\u0438\u043e\u043d\u0435\u0440\u0430 \u0438\u043d\u0432\u0430\u043b\u0438\u0434\u0430 \u0438 \u0441\u043e\u0446\u0438\u0458\u0430\u043b\u043d\u0435 \u043f\u0440\u0430\u0432\u0434\u0435 \u0426\u0440\u043d\u0435 \u0413\u043e\u0440\u0435)\u201c, a nakon ostavki poslanika <strong>Strahinje Bulaji\u0107a<\/strong> i <strong>Mila Bo\u017eovi\u0107a<\/strong>, kojima je prestao mandat na dana\u0161njoj sjednici Skup\u0161tine Crne Gore.<\/p>\n<p><img loading=\"lazy\" decoding=\"async\" width=\"1920\" height=\"2560\" class=\"alignnone size-full wp-image-6737\" src=\"https:\/\/dikcg.me\/wpold\/wp-content\/uploads\/2022\/04\/IMG-9848-scaled.jpg\" alt=\"\" srcset=\"https:\/\/dikcg.me\/wpold\/wp-content\/uploads\/2022\/04\/IMG-9848-scaled.jpg 1920w, https:\/\/dikcg.me\/wpold\/wp-content\/uploads\/2022\/04\/IMG-9848-250x333.jpg 250w, https:\/\/dikcg.me\/wpold\/wp-content\/uploads\/2022\/04\/IMG-9848-700x933.jpg 700w, https:\/\/dikcg.me\/wpold\/wp-content\/uploads\/2022\/04\/IMG-9848-768x1024.jpg 768w, https:\/\/dikcg.me\/wpold\/wp-content\/uploads\/2022\/04\/IMG-9848-1152x1536.jpg 1152w, https:\/\/dikcg.me\/wpold\/wp-content\/uploads\/2022\/04\/IMG-9848-1536x2048.jpg 1536w, https:\/\/dikcg.me\/wpold\/wp-content\/uploads\/2022\/04\/IMG-9848-120x160.jpg 120w, https:\/\/dikcg.me\/wpold\/wp-content\/uploads\/2022\/04\/IMG-9848-1320x1760.jpg 1320w\" sizes=\"(max-width: 1920px) 100vw, 1920px\" \/> <img loading=\"lazy\" decoding=\"async\" width=\"1920\" height=\"2560\" class=\"alignnone size-full wp-image-6739\" src=\"https:\/\/dikcg.me\/wpold\/wp-content\/uploads\/2022\/04\/IMG-9847-scaled.jpg\" alt=\"\" srcset=\"https:\/\/dikcg.me\/wpold\/wp-content\/uploads\/2022\/04\/IMG-9847-scaled.jpg 1920w, https:\/\/dikcg.me\/wpold\/wp-content\/uploads\/2022\/04\/IMG-9847-250x333.jpg 250w, https:\/\/dikcg.me\/wpold\/wp-content\/uploads\/2022\/04\/IMG-9847-700x933.jpg 700w, https:\/\/dikcg.me\/wpold\/wp-content\/uploads\/2022\/04\/IMG-9847-768x1024.jpg 768w, https:\/\/dikcg.me\/wpold\/wp-content\/uploads\/2022\/04\/IMG-9847-1152x1536.jpg 1152w, https:\/\/dikcg.me\/wpold\/wp-content\/uploads\/2022\/04\/IMG-9847-1536x2048.jpg 1536w, https:\/\/dikcg.me\/wpold\/wp-content\/uploads\/2022\/04\/IMG-9847-120x160.jpg 120w, https:\/\/dikcg.me\/wpold\/wp-content\/uploads\/2022\/04\/IMG-9847-1320x1760.jpg 1320w\" sizes=\"(max-width: 1920px) 100vw, 1920px\" \/><\/p>\n<p>&nbsp;<\/p>\n","protected":false},"excerpt":{"rendered":"Dr\u017eavna izborna komisija na dana\u0161njoj sjednici potvrdila je da upra\u017enjeni poslani\u010dki mandati pripadaju Janku Milatovi\u0107u i Andriji Mandi\u0107u sa izborne liste \u201e\u0417\u0410 \u0411\u0423\u0414\u0423\u040b\u041d\u041e\u0421\u0422 \u0426\u0420\u041d\u0415 \u0413\u041e\u0420\u0415 \u2013 \u0414\u0435\u043c\u043e\u043a\u0440\u0430\u0442\u0441\u043a\u0438 \u0444\u0440\u043e\u043d\u0442 (\u041d\u043e\u0432\u0430 \u0441\u0440\u043f\u0441\u043a\u0430 \u0434\u0435\u043c\u043e\u043a\u0440\u0430\u0442\u0438\u0458\u0430, \u041f\u043e\u043a\u0440\u0435\u0442 \u0437\u0430 \u043f\u0440\u043e\u043c\u0458\u0435\u043d\u0435, \u0414\u0435\u043c\u043e\u043a\u0440\u0430\u0442\u0441\u043a\u0430 \u043d\u0430\u0440\u043e\u0434\u043d\u0430 \u043f\u0430\u0440\u0442\u0438\u0458\u0430), \u0421\u043e\u0446\u0438\u0458\u0430\u043b\u0438\u0441\u0442\u0438\u0447\u043a\u0430 \u043d\u0430\u0440\u043e\u0434\u043d\u0430 \u043f\u0430\u0440\u0442\u0438\u0458\u0430 \u0426\u0440\u043d\u0435 \u0413\u043e\u0440\u0435, \u041f\u0440\u0430\u0432\u0430 \u0426\u0440\u043d\u0430 \u0413\u043e\u0440\u0430, \u0423\u0458\u0435\u0434\u0438\u045a\u0435\u043d\u0430 \u0426\u0440\u043d\u0430 \u0413\u043e\u0440\u0430, \u0420\u0430\u0434\u043d\u0438\u0447\u043a\u0430 \u043f\u0430\u0440\u0442\u0438\u0458\u0430, \u041f\u0430\u0440\u0442\u0438\u0458\u0430 \u0443\u0434\u0440\u0443\u0436\u0435\u043d\u0438\u0445 \u043f\u0435\u043d\u0437\u0438\u043e\u043d\u0435\u0440\u0430 \u0438 \u0438\u043d\u0432\u0430\u043b\u0438\u0434\u0430&#8230; <a href=\"https:\/\/dikcg.me\/wpold\/potvrdeni-mandati-milatovicu-i-mandicu\/\">Read more <i class=\"fas fa-angle-right\"><\/i><\/a>","protected":false},"author":56,"featured_media":0,"comment_status":"closed","ping_status":"closed","sticky":false,"template":"","format":"standard","meta":{"footnotes":""},"categories":[15],"tags":[],"_links":{"self":[{"href":"https:\/\/dikcg.me\/wpold\/wp-json\/wp\/v2\/posts\/6734"}],"collection":[{"href":"https:\/\/dikcg.me\/wpold\/wp-json\/wp\/v2\/posts"}],"about":[{"href":"https:\/\/dikcg.me\/wpold\/wp-json\/wp\/v2\/types\/post"}],"author":[{"embeddable":true,"href":"https:\/\/dikcg.me\/wpold\/wp-json\/wp\/v2\/users\/56"}],"replies":[{"embeddable":true,"href":"https:\/\/dikcg.me\/wpold\/wp-json\/wp\/v2\/comments?post=6734"}],"version-history":[{"count":4,"href":"https:\/\/dikcg.me\/wpold\/wp-json\/wp\/v2\/posts\/6734\/revisions"}],"predecessor-version":[{"id":6742,"href":"https:\/\/dikcg.me\/wpold\/wp-json\/wp\/v2\/posts\/6734\/revisions\/6742"}],"wp:attachment":[{"href":"https:\/\/dikcg.me\/wpold\/wp-json\/wp\/v2\/media?parent=6734"}],"wp:term":[{"taxonomy":"category","embeddable":true,"href":"https:\/\/dikcg.me\/wpold\/wp-json\/wp\/v2\/categories?post=6734"},{"taxonomy":"post_tag","embeddable":true,"href":"https:\/\/dikcg.me\/wpold\/wp-json\/wp\/v2\/tags?post=6734"}],"curies":[{"name":"wp","href":"https:\/\/api.w.org\/{rel}","templated":true}]}}