{"id":6617,"date":"2022-03-18T14:22:14","date_gmt":"2022-03-18T13:22:14","guid":{"rendered":"https:\/\/dikcg.me\/wpold\/?p=6617"},"modified":"2022-06-27T08:16:48","modified_gmt":"2022-06-27T07:16:48","slug":"zapisnik-sa-20-sjednice","status":"publish","type":"post","link":"https:\/\/dikcg.me\/wpold\/zapisnik-sa-20-sjednice\/","title":{"rendered":"Zapisnik sa 20. sjednice"},"content":{"rendered":"<p><strong><u>Ad \u2013 1<\/u><\/strong><br \/>\nKomisija je ve\u0107inom glasova usvojila zapisnik sa 19. sjednice Komisije. Uzdr\u017eani su bili 2 \u010dlana Komisije jer nijesu prisustvovali sjednici.<\/p>\n<p><strong><u>Ad \u2013 2<\/u><\/strong><br \/>\nKomisija je utvrdila <a href=\"https:\/\/dikcg.me\/wpold\/wp-content\/uploads\/2022\/03\/Rjesenja-BO-UIKS.pdf\">izvod iz bira\u010dkog spiska za bira\u010dka mjesta u Upravi za izvr\u0161enje krivi\u010dnih sankcija<\/a> na izborima za izbor odbornika u skup\u0161tine op\u0161tina Berane i Ulcinj koji su raspisani za 27. mart 2022. godine.<\/p>\n<p><strong><u>Ad \u2013 3<\/u><\/strong><br \/>\nKomisija je donijela rje\u0161enja o imenovanju bira\u010dkih odbora u Upravi za izvr\u0161enje krivi\u010dnih sankcija (bira\u010dko mjesto I-Zatvor za duge kazne Podgorica (UIKS-I), bira\u010dko mjesto II-Istra\u017eni zatvor Podgorica (UIKS-II), bira\u010dko mjesto III-Zatvor Bijelo Polje (UIKS-III)), na izborima za izbor odbornika u skup\u0161tine op\u0161tina Berane i Ulcinj koji su raspisani za 27. mart 2022. godine.<br \/>\n<a href=\"https:\/\/dikcg.me\/wpold\/wp-content\/uploads\/2022\/03\/Rjesenja-BO-UIKS.pdf\">Rje\u0161enja<\/a> su objavljena na web stranici komisije.<\/p>\n","protected":false},"excerpt":{"rendered":"Ad \u2013 1 Komisija je ve\u0107inom glasova usvojila zapisnik sa 19. sjednice Komisije. Uzdr\u017eani su bili 2 \u010dlana Komisije jer nijesu prisustvovali sjednici. Ad \u2013 2 Komisija je utvrdila izvod iz bira\u010dkog spiska za bira\u010dka mjesta u Upravi za izvr\u0161enje krivi\u010dnih sankcija na izborima za izbor odbornika u skup\u0161tine op\u0161tina Berane i Ulcinj koji su&#8230; <a href=\"https:\/\/dikcg.me\/wpold\/zapisnik-sa-20-sjednice\/\">Read more <i class=\"fas fa-angle-right\"><\/i><\/a>","protected":false},"author":56,"featured_media":0,"comment_status":"closed","ping_status":"closed","sticky":false,"template":"","format":"standard","meta":{"footnotes":""},"categories":[18],"tags":[247],"_links":{"self":[{"href":"https:\/\/dikcg.me\/wpold\/wp-json\/wp\/v2\/posts\/6617"}],"collection":[{"href":"https:\/\/dikcg.me\/wpold\/wp-json\/wp\/v2\/posts"}],"about":[{"href":"https:\/\/dikcg.me\/wpold\/wp-json\/wp\/v2\/types\/post"}],"author":[{"embeddable":true,"href":"https:\/\/dikcg.me\/wpold\/wp-json\/wp\/v2\/users\/56"}],"replies":[{"embeddable":true,"href":"https:\/\/dikcg.me\/wpold\/wp-json\/wp\/v2\/comments?post=6617"}],"version-history":[{"count":1,"href":"https:\/\/dikcg.me\/wpold\/wp-json\/wp\/v2\/posts\/6617\/revisions"}],"predecessor-version":[{"id":6620,"href":"https:\/\/dikcg.me\/wpold\/wp-json\/wp\/v2\/posts\/6617\/revisions\/6620"}],"wp:attachment":[{"href":"https:\/\/dikcg.me\/wpold\/wp-json\/wp\/v2\/media?parent=6617"}],"wp:term":[{"taxonomy":"category","embeddable":true,"href":"https:\/\/dikcg.me\/wpold\/wp-json\/wp\/v2\/categories?post=6617"},{"taxonomy":"post_tag","embeddable":true,"href":"https:\/\/dikcg.me\/wpold\/wp-json\/wp\/v2\/tags?post=6617"}],"curies":[{"name":"wp","href":"https:\/\/api.w.org\/{rel}","templated":true}]}}