{"id":6580,"date":"2022-03-15T15:40:07","date_gmt":"2022-03-15T14:40:07","guid":{"rendered":"https:\/\/dikcg.me\/wpold\/?p=6580"},"modified":"2022-03-15T15:44:03","modified_gmt":"2022-03-15T14:44:03","slug":"odrzan-sastanak-predsjednika-dik-a-nikole-mugose-i-predsjednika-ustavnog-suda-budimira-scepanovica","status":"publish","type":"post","link":"https:\/\/dikcg.me\/wpold\/odrzan-sastanak-predsjednika-dik-a-nikole-mugose-i-predsjednika-ustavnog-suda-budimira-scepanovica\/","title":{"rendered":"Odr\u017ean sastanak predsjednika DIK-a Nikole Mugo\u0161e i predsjednika Ustavnog suda Budimira \u0160\u0107epanovi\u0107a"},"content":{"rendered":"<p>Predsjednik Dr\u017eavne izborne komisije Nikola Mugo\u0161a sastao se sa predsjednikom Ustavnog suda Budimirom \u0160\u0107epanovi\u0107em i generalnom sekretarkom Biljanom Damjanovi\u0107.<\/p>\n<p>Sastanak je protekao u konstruktivnoj i sveobuhvatnoj razmjeni mi\u0161ljenja o unaprje\u0111enju saradnje dvije institucije koje imaju va\u017enu ulogu u za\u0161titi bira\u010dkog prava.<\/p>\n<p>Na sastanku je dogovoreno da Ustavni sud pomogne Dr\u017eavnoj izbornoj komisiji u uspostavljanju baze odluka Ustavnog suda u postupku odlu\u010divanja o izbornim sporovima. Baza \u0107e biti od velike koristi Dr\u017eavnoj izbornoj komisiji u njenom radu i doprinije\u0107e uspostavljanju institucionalne memorije.<\/p>\n<p>Predsjednik DIK-a izrazio je zadovoljstvo odr\u017eanim sastankom i zahvalio se predstavnicima Ustavnog suda na iskazanom razumijevanju.<\/p>\n<p><img loading=\"lazy\" decoding=\"async\" width=\"1600\" height=\"1597\" class=\"alignnone size-full wp-image-6581\" src=\"https:\/\/dikcg.me\/wpold\/wp-content\/uploads\/2022\/03\/unnamed.jpg\" alt=\"\" srcset=\"https:\/\/dikcg.me\/wpold\/wp-content\/uploads\/2022\/03\/unnamed.jpg 1600w, https:\/\/dikcg.me\/wpold\/wp-content\/uploads\/2022\/03\/unnamed-250x250.jpg 250w, https:\/\/dikcg.me\/wpold\/wp-content\/uploads\/2022\/03\/unnamed-700x699.jpg 700w, https:\/\/dikcg.me\/wpold\/wp-content\/uploads\/2022\/03\/unnamed-150x150.jpg 150w, https:\/\/dikcg.me\/wpold\/wp-content\/uploads\/2022\/03\/unnamed-768x767.jpg 768w, https:\/\/dikcg.me\/wpold\/wp-content\/uploads\/2022\/03\/unnamed-1536x1533.jpg 1536w, https:\/\/dikcg.me\/wpold\/wp-content\/uploads\/2022\/03\/unnamed-120x120.jpg 120w, https:\/\/dikcg.me\/wpold\/wp-content\/uploads\/2022\/03\/unnamed-1320x1318.jpg 1320w\" sizes=\"(max-width: 1600px) 100vw, 1600px\" \/><\/p>\n","protected":false},"excerpt":{"rendered":"Predsjednik Dr\u017eavne izborne komisije Nikola Mugo\u0161a sastao se sa predsjednikom Ustavnog suda Budimirom \u0160\u0107epanovi\u0107em i generalnom sekretarkom Biljanom Damjanovi\u0107. Sastanak je protekao u konstruktivnoj i sveobuhvatnoj razmjeni mi\u0161ljenja o unaprje\u0111enju saradnje dvije institucije koje imaju va\u017enu ulogu u za\u0161titi bira\u010dkog prava. Na sastanku je dogovoreno da Ustavni sud pomogne Dr\u017eavnoj izbornoj komisiji u uspostavljanju baze&#8230; <a href=\"https:\/\/dikcg.me\/wpold\/odrzan-sastanak-predsjednika-dik-a-nikole-mugose-i-predsjednika-ustavnog-suda-budimira-scepanovica\/\">Read more <i class=\"fas fa-angle-right\"><\/i><\/a>","protected":false},"author":56,"featured_media":0,"comment_status":"closed","ping_status":"closed","sticky":false,"template":"","format":"standard","meta":{"footnotes":""},"categories":[15],"tags":[],"_links":{"self":[{"href":"https:\/\/dikcg.me\/wpold\/wp-json\/wp\/v2\/posts\/6580"}],"collection":[{"href":"https:\/\/dikcg.me\/wpold\/wp-json\/wp\/v2\/posts"}],"about":[{"href":"https:\/\/dikcg.me\/wpold\/wp-json\/wp\/v2\/types\/post"}],"author":[{"embeddable":true,"href":"https:\/\/dikcg.me\/wpold\/wp-json\/wp\/v2\/users\/56"}],"replies":[{"embeddable":true,"href":"https:\/\/dikcg.me\/wpold\/wp-json\/wp\/v2\/comments?post=6580"}],"version-history":[{"count":1,"href":"https:\/\/dikcg.me\/wpold\/wp-json\/wp\/v2\/posts\/6580\/revisions"}],"predecessor-version":[{"id":6583,"href":"https:\/\/dikcg.me\/wpold\/wp-json\/wp\/v2\/posts\/6580\/revisions\/6583"}],"wp:attachment":[{"href":"https:\/\/dikcg.me\/wpold\/wp-json\/wp\/v2\/media?parent=6580"}],"wp:term":[{"taxonomy":"category","embeddable":true,"href":"https:\/\/dikcg.me\/wpold\/wp-json\/wp\/v2\/categories?post=6580"},{"taxonomy":"post_tag","embeddable":true,"href":"https:\/\/dikcg.me\/wpold\/wp-json\/wp\/v2\/tags?post=6580"}],"curies":[{"name":"wp","href":"https:\/\/api.w.org\/{rel}","templated":true}]}}