{"id":6517,"date":"2022-03-10T16:07:32","date_gmt":"2022-03-10T15:07:32","guid":{"rendered":"https:\/\/dikcg.me\/wpold\/?p=6517"},"modified":"2022-06-27T08:56:37","modified_gmt":"2022-06-27T07:56:37","slug":"saopstenje-drzavne-izborne-komisije","status":"publish","type":"post","link":"https:\/\/dikcg.me\/wpold\/saopstenje-drzavne-izborne-komisije\/","title":{"rendered":"Saop\u0161tenje Dr\u017eavne izborne komisije nakon 18. sjednice"},"content":{"rendered":"<p>Dr\u017eavna izborna komisija na dana\u0161njoj sjednici razmatrala je, pored ostalog, prigovore na postupanje Op\u0161tinske izborne komisije Berane u vezi sprovo\u0111enja izbornog postupka za izbor odbornika u Skup\u0161tini op\u0161tine Berane, koji \u0107e se odr\u017eati 27. marta 2022. godine.<\/p>\n<p>DIK je Rje\u0161enjem djelimi\u010dno usvojila prigovor Demokratske partije socijalista i poni\u0161tila Zbirnu izbornu listu za izbor odbornika u Skup\u0161tini op\u0161tine Berane, dok je isti prigovor odbacila u dijelu kojim je tra\u017eeno da se poni\u0161te rje\u0161enja \u201eSNP-Berane zna najbolje\u201c, \u201eBerane SAD\u201c, \u201eMarko Mila\u010di\u0107 \u2013 Prava Crna Gora \u2013 dr\u017eimo rije\u010d \u2013 dr Milovan \u017divkovi\u0107\u201c i \u201eBerane ima alternativu\u201c.<\/p>\n<p>DIK je uvidom u utvr\u0111enu i progla\u0161enu zbirnu izbornu listu utvrdila da ista sadr\u017ei nedostatke, budu\u0107i da su u dijelu zbirne izborne liste nalaze izborne liste na kojima nema zakonom propisanog broja kandidata manje zastupljenog pola. Komisija je tako\u0111e utvrdila da se jedan kandidat nalazi na dvije izborne liste, \u0161to je tako\u0111e suprotno imperativnoj zakonskoj odredbi kojom je propisano da jedno lice mo\u017ee biti kandidat na samo jednoj izbornoj listi.<\/p>\n<p>U dijelu prigovora Demokratske partije socijalista kojim je tra\u017eeno da se poni\u0161te rje\u0161enja o utvr\u0111ivanju i progla\u0161enju izbornih lista: \u201eSNP-Berane zna najbolje\u201c, \u201eBerane SAD\u201c, \u201eMarko Mila\u010di\u0107 \u2013 Prava Crna Gora \u2013 dr\u017eimo rije\u010d \u2013 dr Milovan \u017divkovi\u0107\u201c i \u201eBerane ima alternativu\u201c, Komisija je utvrdila da su navedene izborne liste potvr\u0111ene i progla\u0161ene 27.02.2022. i 1.03.2022. godine, \u0161to zna\u010di da je protekao rok za podno\u0161enje i odlu\u010divanje po ovom prigovoru.<\/p>\n<p>DIK napominje da je nakon dono\u0161enja dana\u0161njeg Rje\u0161enja, dalji postupak u nadle\u017enosti Op\u0161tinske izborne komisije.<\/p>\n<p>Komisija je konstatovala da je Op\u0161tinska izborna komisija Berane napravila grub propust prilikom postupanja u sprovo\u0111enju izbornih radnji. Zbog toga je u skladu sa svojim nadle\u017enostima odlu\u010dila da uputi dopis OIK Berane u kojem \u0107e ukazati na neophodnost zakonitog postupanja u primjeni Zakona o izboru odbornika i poslanika.<\/p>\n<p>Komisija obavje\u0161tava javnost da je Demokratska partija socijalista zahtijevala od Dr\u017eavne izborne komisije da preuzme nadle\u017enosti od OIK Berane, zbog navedenih propusta. Zakon o izboru odbornika i poslanika propisuje da Dr\u017eavna izborna komisija mo\u017ee preuzeti nadle\u017enosti op\u0161tinske izborne komisije samo kada su u pitanju izbori za izbor poslanika, \u0161to ovdje nije slu\u010daj.<\/p>\n<p>DIK demantuje informacije koje su se pojavile u medijima da je poni\u0161tila bilo koju izbornu listu u Beranama. DIK je odbila prigovor DPS-a u dijelu koji se odnosi na poni\u0161tenje progla\u0161enih i potvr\u0111enih izbornih lista, \u0161to je i navedeno u saop\u0161tenju DIK koje je nakon sjednice proslije\u0111eno medijima.<\/p>\n","protected":false},"excerpt":{"rendered":"Dr\u017eavna izborna komisija na dana\u0161njoj sjednici razmatrala je, pored ostalog, prigovore na postupanje Op\u0161tinske izborne komisije Berane u vezi sprovo\u0111enja izbornog postupka za izbor odbornika u Skup\u0161tini op\u0161tine Berane, koji \u0107e se odr\u017eati 27. marta 2022. godine. DIK je Rje\u0161enjem djelimi\u010dno usvojila prigovor Demokratske partije socijalista i poni\u0161tila Zbirnu izbornu listu za izbor odbornika u&#8230; <a href=\"https:\/\/dikcg.me\/wpold\/saopstenje-drzavne-izborne-komisije\/\">Read more <i class=\"fas fa-angle-right\"><\/i><\/a>","protected":false},"author":56,"featured_media":0,"comment_status":"closed","ping_status":"closed","sticky":false,"template":"","format":"standard","meta":{"footnotes":""},"categories":[15,18],"tags":[],"_links":{"self":[{"href":"https:\/\/dikcg.me\/wpold\/wp-json\/wp\/v2\/posts\/6517"}],"collection":[{"href":"https:\/\/dikcg.me\/wpold\/wp-json\/wp\/v2\/posts"}],"about":[{"href":"https:\/\/dikcg.me\/wpold\/wp-json\/wp\/v2\/types\/post"}],"author":[{"embeddable":true,"href":"https:\/\/dikcg.me\/wpold\/wp-json\/wp\/v2\/users\/56"}],"replies":[{"embeddable":true,"href":"https:\/\/dikcg.me\/wpold\/wp-json\/wp\/v2\/comments?post=6517"}],"version-history":[{"count":5,"href":"https:\/\/dikcg.me\/wpold\/wp-json\/wp\/v2\/posts\/6517\/revisions"}],"predecessor-version":[{"id":6525,"href":"https:\/\/dikcg.me\/wpold\/wp-json\/wp\/v2\/posts\/6517\/revisions\/6525"}],"wp:attachment":[{"href":"https:\/\/dikcg.me\/wpold\/wp-json\/wp\/v2\/media?parent=6517"}],"wp:term":[{"taxonomy":"category","embeddable":true,"href":"https:\/\/dikcg.me\/wpold\/wp-json\/wp\/v2\/categories?post=6517"},{"taxonomy":"post_tag","embeddable":true,"href":"https:\/\/dikcg.me\/wpold\/wp-json\/wp\/v2\/tags?post=6517"}],"curies":[{"name":"wp","href":"https:\/\/api.w.org\/{rel}","templated":true}]}}