{"id":6412,"date":"2022-03-03T12:16:54","date_gmt":"2022-03-03T11:16:54","guid":{"rendered":"https:\/\/dikcg.me\/wpold\/?p=6412"},"modified":"2022-03-03T12:16:54","modified_gmt":"2022-03-03T11:16:54","slug":"odrzan-sastanak-u-cilju-poboljsanja-uslova-za-ucesce-osoba-sa-invaliditetom-u-izbornom-procesu","status":"publish","type":"post","link":"https:\/\/dikcg.me\/wpold\/odrzan-sastanak-u-cilju-poboljsanja-uslova-za-ucesce-osoba-sa-invaliditetom-u-izbornom-procesu\/","title":{"rendered":"Odr\u017ean sastanak u cilju pobolj\u0161anja uslova za u\u010de\u0161\u010de osoba sa invaliditetom u izbornom procesu"},"content":{"rendered":"<p>Predstavnici Saveza slijepih Crne Gore, Udru\u017eenja mladih sa hendikepom, Dr\u017eavne izborne komisije i Misije OEBS u Crnoj Gori sastali su se u srijedu 2.marta 2022, u prostorijama Saveza slijepih Crne Gore.<\/p>\n<p>Povod sastanka je unapre\u0111enje pristupa\u010dnosti izbornog procesa za osobe s invaliditetom u cilju omogu\u0107avanja samostalnog i tajnog glasanja na predstoje\u0107im lokalnim izborima.<\/p>\n<p>Predstavnici Saveza slijepih, izvr\u0161ni direktor, Goran Macanovi\u0107 i savjetnica za me\u0111unarodne odnose, Katarina Bigovi\u0107 Kuli\u0107, i predstavnica Udru\u017eenja mladih sa hendikepom, program menad\u017eerka, An\u0111ela Radovanovi\u0107, koja je sastanak ispratila putem ZOOM platforme, akcentovali su elemente koji trenutno ne omogu\u0107avaju samostalno i tajno glasanje osobama s invaliditetom, kao \u0161to su: pristup i kretanje u okviru bira\u010dkog mjesta, glasa\u010dka kabina, glasa\u010dka kutija, \u0161ablon za glasanje, materijal, edukacija \u010dlanova bira\u010dkih odbora.<\/p>\n<p>Predstavnik Dr\u017eavne izborne komisije, predsjednik Nikola Mugo\u0161a, naglasio je da \u0107e u opsegu svojih nadle\u017enosti djelovati kako bi se omogu\u0107ilo da sve osobe s invaliditetom budu ravnopravne u odnosu na druge gra\u0111ane\/ke tokom izbornog procesa.<\/p>\n<p>Savjetnik za demokratizacju, Darko Brajovi\u0107, predstavnik Misije OEBSa u Crnoj Gori, \u00a0naglasio da \u0107e i tokom ove godine i predstoje\u0107ih lokalnih izbora, Misija OEBSa omogu\u0107iti da se sagledaju prepreke, problemi sa kojima se susre\u0107u osobe s invaliditetom pirlikom ostvarivanja prava glasa, uz izra\u0111ene preporuke za unapre\u0111enje stanja.<\/p>\n<p>U narednom periodu dogovoren je zajedni\u010dki rad na unapre\u0111enju elemenata pristupa\u010dnosti, a dugoro\u010dno i aktivno u\u010de\u0161\u0107e u odnosu na pitanje izmjene zakosnke regulative u odnosu na izborni sistem.<\/p>\n<p>Podsje\u0107amo, pro\u0161le godine su Savez slijepih i Udru\u017eenje mladih sa hendikepom u saradnji sa Misijom OEBSa u Crnoj Gori izradili slede\u0107e <a href=\"Smjernice%20za%20unapre\u0111enje%20pristupa\u010dnosti%20izbornog%20procesa%20za%20osobe%20s%20invaliditetom\">Smjernice za unapre\u0111enje pristupa\u010dnosti izbornog procesa za osobe s invaliditetom<\/a>.<\/p>\n","protected":false},"excerpt":{"rendered":"Predstavnici Saveza slijepih Crne Gore, Udru\u017eenja mladih sa hendikepom, Dr\u017eavne izborne komisije i Misije OEBS u Crnoj Gori sastali su se u srijedu 2.marta 2022, u prostorijama Saveza slijepih Crne Gore. Povod sastanka je unapre\u0111enje pristupa\u010dnosti izbornog procesa za osobe s invaliditetom u cilju omogu\u0107avanja samostalnog i tajnog glasanja na predstoje\u0107im lokalnim izborima. Predstavnici Saveza&#8230; <a href=\"https:\/\/dikcg.me\/wpold\/odrzan-sastanak-u-cilju-poboljsanja-uslova-za-ucesce-osoba-sa-invaliditetom-u-izbornom-procesu\/\">Read more <i class=\"fas fa-angle-right\"><\/i><\/a>","protected":false},"author":56,"featured_media":0,"comment_status":"closed","ping_status":"closed","sticky":false,"template":"","format":"standard","meta":{"footnotes":""},"categories":[15],"tags":[],"_links":{"self":[{"href":"https:\/\/dikcg.me\/wpold\/wp-json\/wp\/v2\/posts\/6412"}],"collection":[{"href":"https:\/\/dikcg.me\/wpold\/wp-json\/wp\/v2\/posts"}],"about":[{"href":"https:\/\/dikcg.me\/wpold\/wp-json\/wp\/v2\/types\/post"}],"author":[{"embeddable":true,"href":"https:\/\/dikcg.me\/wpold\/wp-json\/wp\/v2\/users\/56"}],"replies":[{"embeddable":true,"href":"https:\/\/dikcg.me\/wpold\/wp-json\/wp\/v2\/comments?post=6412"}],"version-history":[{"count":2,"href":"https:\/\/dikcg.me\/wpold\/wp-json\/wp\/v2\/posts\/6412\/revisions"}],"predecessor-version":[{"id":6414,"href":"https:\/\/dikcg.me\/wpold\/wp-json\/wp\/v2\/posts\/6412\/revisions\/6414"}],"wp:attachment":[{"href":"https:\/\/dikcg.me\/wpold\/wp-json\/wp\/v2\/media?parent=6412"}],"wp:term":[{"taxonomy":"category","embeddable":true,"href":"https:\/\/dikcg.me\/wpold\/wp-json\/wp\/v2\/categories?post=6412"},{"taxonomy":"post_tag","embeddable":true,"href":"https:\/\/dikcg.me\/wpold\/wp-json\/wp\/v2\/tags?post=6412"}],"curies":[{"name":"wp","href":"https:\/\/api.w.org\/{rel}","templated":true}]}}