{"id":6403,"date":"2022-02-26T19:00:35","date_gmt":"2022-02-26T18:00:35","guid":{"rendered":"https:\/\/dikcg.me\/wpold\/?p=6403"},"modified":"2022-02-26T19:18:56","modified_gmt":"2022-02-26T18:18:56","slug":"dik-utvrdila-dvojezicni-obrazac-za-davanje-potpisa-podrske-izbornim-listama","status":"publish","type":"post","link":"https:\/\/dikcg.me\/wpold\/dik-utvrdila-dvojezicni-obrazac-za-davanje-potpisa-podrske-izbornim-listama\/","title":{"rendered":"DIK utvrdila dvojezi\u010dni obrazac za davanje potpisa podr\u0161ke izbornim listama"},"content":{"rendered":"<p>Dr\u017eavna izborna komisija jednoglasno je donijela dopune dva podzakonska akta kojima je predvi\u0111eno da se potpis bira\u010da za podr\u0161ku izbornoj listi mo\u017ee dati i na dvojezi\u010dnom obrascu PB-1a (na crnogorskom i albanskom jeziku).<\/p>\n<p>Ovom novinom Dr\u017eavna izborna komisija je svojim podzakonskim aktom predvidjela mogu\u0107nost da bira\u010di albanske nacionalnosti potpise podr\u0161ke daju na obrascu i na albanskom jeziku.<\/p>\n<p>Komisija je konstatovala da postoji potreba da u narednom periodu zapo\u010dne proces prevo\u0111enja i ostalih obrazaca na albanski jezik u cilju njihovog kori\u0161\u0107enja u narednim izbornim procesima.<\/p>\n<p>Komisija je zaklju\u010dila da \u0107e u skladu sa svojim nadle\u017enostima ukazati, op\u0161tinskim izbornim komisijama koje sprovode izbore u op\u0161tinama u kojim Albanci \u010dine ve\u0107inu ili zna\u010dajan dio stanovni\u0161tva na potrebu dvojezi\u010dnog ure\u0111enja njihovih web stranica.<\/p>\n<p>U narednom periodu DIK \u0107e u zavisnosti od raspolo\u017eivih sredstava, resursa i tehni\u010dkih mogu\u0107nosti blagovremeno otpo\u010deti aktivnosti u cilju dostupnosti informacija na albanskom jeziku.<\/p>\n","protected":false},"excerpt":{"rendered":"Dr\u017eavna izborna komisija jednoglasno je donijela dopune dva podzakonska akta kojima je predvi\u0111eno da se potpis bira\u010da za podr\u0161ku izbornoj listi mo\u017ee dati i na dvojezi\u010dnom obrascu PB-1a (na crnogorskom i albanskom jeziku). Ovom novinom Dr\u017eavna izborna komisija je svojim podzakonskim aktom predvidjela mogu\u0107nost da bira\u010di albanske nacionalnosti potpise podr\u0161ke daju na obrascu i na&#8230; <a href=\"https:\/\/dikcg.me\/wpold\/dik-utvrdila-dvojezicni-obrazac-za-davanje-potpisa-podrske-izbornim-listama\/\">Read more <i class=\"fas fa-angle-right\"><\/i><\/a>","protected":false},"author":56,"featured_media":0,"comment_status":"closed","ping_status":"closed","sticky":false,"template":"","format":"standard","meta":{"footnotes":""},"categories":[15],"tags":[],"_links":{"self":[{"href":"https:\/\/dikcg.me\/wpold\/wp-json\/wp\/v2\/posts\/6403"}],"collection":[{"href":"https:\/\/dikcg.me\/wpold\/wp-json\/wp\/v2\/posts"}],"about":[{"href":"https:\/\/dikcg.me\/wpold\/wp-json\/wp\/v2\/types\/post"}],"author":[{"embeddable":true,"href":"https:\/\/dikcg.me\/wpold\/wp-json\/wp\/v2\/users\/56"}],"replies":[{"embeddable":true,"href":"https:\/\/dikcg.me\/wpold\/wp-json\/wp\/v2\/comments?post=6403"}],"version-history":[{"count":3,"href":"https:\/\/dikcg.me\/wpold\/wp-json\/wp\/v2\/posts\/6403\/revisions"}],"predecessor-version":[{"id":6406,"href":"https:\/\/dikcg.me\/wpold\/wp-json\/wp\/v2\/posts\/6403\/revisions\/6406"}],"wp:attachment":[{"href":"https:\/\/dikcg.me\/wpold\/wp-json\/wp\/v2\/media?parent=6403"}],"wp:term":[{"taxonomy":"category","embeddable":true,"href":"https:\/\/dikcg.me\/wpold\/wp-json\/wp\/v2\/categories?post=6403"},{"taxonomy":"post_tag","embeddable":true,"href":"https:\/\/dikcg.me\/wpold\/wp-json\/wp\/v2\/tags?post=6403"}],"curies":[{"name":"wp","href":"https:\/\/api.w.org\/{rel}","templated":true}]}}