{"id":6032,"date":"2021-03-10T21:20:48","date_gmt":"2021-03-10T20:20:48","guid":{"rendered":"https:\/\/dikcg.me\/wpold\/?p=6032"},"modified":"2022-01-13T00:03:37","modified_gmt":"2022-01-12T23:03:37","slug":"rjesenje-o-izmjeni-rjesenja-o-imenovanju-birackog-odbora-za-biracko-mjesto-i-zatvor-za-duge-kazne-podgorica-uiks-i","status":"publish","type":"post","link":"https:\/\/dikcg.me\/wpold\/rjesenje-o-izmjeni-rjesenja-o-imenovanju-birackog-odbora-za-biracko-mjesto-i-zatvor-za-duge-kazne-podgorica-uiks-i\/","title":{"rendered":"Rje\u0161enje o izmjeni Rje\u0161enja o imenovanju Bira\u010dkog odbora za Bira\u010dko mjesto I \u2013 Zatvor za duge kazne Podgorica (UIKS-I)"},"content":{"rendered":"","protected":false},"excerpt":{"rendered":"","protected":false},"author":56,"featured_media":0,"comment_status":"closed","ping_status":"closed","sticky":false,"template":"","format":"standard","meta":{"footnotes":""},"categories":[238],"tags":[266],"_links":{"self":[{"href":"https:\/\/dikcg.me\/wpold\/wp-json\/wp\/v2\/posts\/6032"}],"collection":[{"href":"https:\/\/dikcg.me\/wpold\/wp-json\/wp\/v2\/posts"}],"about":[{"href":"https:\/\/dikcg.me\/wpold\/wp-json\/wp\/v2\/types\/post"}],"author":[{"embeddable":true,"href":"https:\/\/dikcg.me\/wpold\/wp-json\/wp\/v2\/users\/56"}],"replies":[{"embeddable":true,"href":"https:\/\/dikcg.me\/wpold\/wp-json\/wp\/v2\/comments?post=6032"}],"version-history":[{"count":1,"href":"https:\/\/dikcg.me\/wpold\/wp-json\/wp\/v2\/posts\/6032\/revisions"}],"predecessor-version":[{"id":6035,"href":"https:\/\/dikcg.me\/wpold\/wp-json\/wp\/v2\/posts\/6032\/revisions\/6035"}],"wp:attachment":[{"href":"https:\/\/dikcg.me\/wpold\/wp-json\/wp\/v2\/media?parent=6032"}],"wp:term":[{"taxonomy":"category","embeddable":true,"href":"https:\/\/dikcg.me\/wpold\/wp-json\/wp\/v2\/categories?post=6032"},{"taxonomy":"post_tag","embeddable":true,"href":"https:\/\/dikcg.me\/wpold\/wp-json\/wp\/v2\/tags?post=6032"}],"curies":[{"name":"wp","href":"https:\/\/api.w.org\/{rel}","templated":true}]}}