{"id":5952,"date":"2021-02-19T08:59:50","date_gmt":"2021-02-19T07:59:50","guid":{"rendered":"https:\/\/dikcg.me\/wpold\/?p=5952"},"modified":"2022-06-27T08:28:48","modified_gmt":"2022-06-27T07:28:48","slug":"zapisnik-sa-1-sjednice","status":"publish","type":"post","link":"https:\/\/dikcg.me\/wpold\/zapisnik-sa-1-sjednice\/","title":{"rendered":"Zapisnik sa 1. sjednice"},"content":{"rendered":"<p><strong><u>Ad \u2013 1<\/u><\/strong><br \/>\nKomisija se nije izja\u0161njavala o zapisniku sa 151. sjednice Komisije budu\u0107i da se radi o posljednjoj sjednici prethodnog saziva. Komisija je konstatovala da je zapisnik dat na uvid, a \u010dlanovi koji su prisustvovali prethodnoj sjednici saglasili su se da zapisnik odra\u017eava tok sjednice.<\/p>\n<p><strong><u>Ad \u2013 2<\/u><\/strong><br \/>\nKomisija je dala mi\u0161ljenje po zahtjevu mr Ivanke Nikoli\u0107 Mrki\u0107. Mi\u0161ljenje je obavjavljeno na sajtu Komisije.<\/p>\n<p><strong><u>Ad \u2013 3<\/u><\/strong><br \/>\nPredsjednik Komisije upoznao je \u010dlanove sa mogu\u0107nostima primjene softvera za elektronsko prikupljanje i objavljivanje projektovanih (nezvani\u010dnih), privremenih i kona\u010dnih rezultata izbora na izborima za izbor odbornika u Skup\u0161tinu op\u0161tine Nik\u0161i\u0107. \u010clanovi Komisije saglasili su s obzirom da su u pitanju lokalni izbori, upotreba softvera je u nadle\u017enosti Op\u0161tinske izborne komisije Nik\u0161i\u0107, a Stru\u010dna slu\u017eba Dr\u017eavne izborne komisije treba da pru\u017ei podr\u0161ku u vidu edukacija i potrebne tehni\u010dke pomo\u0107i. Predsjednik je istakao da \u0107e se povodom ovog pitanja zvani\u010dno obratiti Op\u0161tinskoj izbornoj komisiji Nik\u0161i\u0107.<\/p>\n<p><strong><u>Ad \u2013 4<\/u><\/strong><br \/>\n\u010clanica Komisije Vera Mijatovi\u0107 je prilikom utvr\u0111ivanja dnevnog reda postavila pitanje u pogledu ove ta\u010dke obzirom da je u pitanju prva sjednica Komisije u novom sazivu, a radi se o pitanju o kojem je odlu\u010dila prethodna Komisija. Istakla je da smatra da nema pravnog osnova da se stav prethodnog saziva preispituje. Mijatovi\u0107 je istakla da zbog navedenog smatra da ova ta\u010dka ne treba da se nalazi na dnevnom redu.<br \/>\nKomisija je konstatovala da je saglasno Poslovniku izvr\u0161ena popuna upra\u017enjenih poslani\u010dkih mjesta, bez odr\u017eavanja sjednice, a izja\u0161njenjem \u010dlanova elektronskim putem poslanicima:<br \/>\n&#8211; Filipu Ad\u017ei\u0107u sa izborne liste \u201edr Dritan Abazovi\u0107 \u2013 Crno na bijelo \u2013 dr Sr\u0111an Pavi\u0107evi\u0107 \u2013 (Gra\u0111anski pokret URA, Stranka pravde i pomirenja, Grupa bira\u010da CIVIS i nezavisni intelektualci)- Gra\u0111ani!\u201c;<br \/>\n&#8211; Dejanu \u0110urovi\u0107u sa izborne liste \u201e\u0417\u0410 \u0411\u0423\u0414\u0423\u040b\u041d\u041e\u0421\u0422 \u0426\u0420\u041d\u0415 \u0413\u041e\u0420\u0415 \u2013 \u0414\u0435\u043c\u043e\u043a\u0440\u0430\u0442\u0441\u043a\u0438 \u0444\u0440\u043e\u043d\u0442 (\u041d\u043e\u0432\u0430 \u0441\u0440\u043f\u0441\u043a\u0430 \u0434\u0435\u043c\u043e\u043a\u0440\u0430\u0442\u0438\u0458\u0430, \u041f\u043e\u043a\u0440\u0435\u0442 \u0437\u0430 \u043f\u0440\u043e\u043c\u0458\u0435\u043d\u0435, \u0414\u0435\u043c\u043e\u043a\u0440\u0430\u0442\u0441\u043a\u0430 \u043d\u0430\u0440\u043e\u0434\u043d\u0430 \u043f\u0430\u0440\u0442\u0438\u0458\u0430), \u0421\u043e\u0446\u0438\u0458\u0430\u043b\u0438\u0441\u0442\u0438\u0447\u043a\u0430 \u043d\u0430\u0440\u043e\u0434\u043d\u0430 \u043f\u0430\u0440\u0442\u0438\u0458\u0430 \u0426\u0440\u043d\u0435 \u0413\u043e\u0440\u0435, \u041f\u0440\u0430\u0432\u0430 \u0426\u0440\u043d\u0430 \u0413\u043e\u0440\u0430, \u0423\u0458\u0435\u0434\u0438\u045a\u0435\u043d\u0430 \u0426\u0440\u043d\u0430 \u0413\u043e\u0440\u0430, \u0420\u0430\u0434\u043d\u0438\u0447\u043a\u0430 \u043f\u0430\u0440\u0442\u0438\u0458\u0430, \u041f\u0430\u0440\u0442\u0438\u0458\u0430 \u0443\u0434\u0440\u0443\u0436\u0435\u043d\u0438\u0445 \u043f\u0435\u043d\u0437\u0438\u043e\u043d\u0435\u0440\u0430 \u0438 \u0438\u043d\u0432\u0430\u043b\u0438\u0434\u0430 \u0426\u0440\u043d\u0435 \u0413\u043e\u0440\u0435, \u0408\u0443\u0433\u043e\u0441\u043b\u043e\u0432\u0435\u043d\u0441\u043a\u0430 \u043a\u043e\u043c\u0443\u043d\u0438\u0441\u0442\u0438\u0447\u043a\u0430 \u043f\u0430\u0440\u0442\u0438\u0458\u0430 \u0426\u0440\u043d\u0435 \u0413\u043e\u0440\u0435, \u0421\u0440\u043f\u0441\u043a\u0430 \u0440\u0430\u0434\u0438\u043a\u0430\u043b\u043d\u0430 \u0441\u0442\u0440\u0430\u043d\u043a\u0430, \u0421\u0442\u0440\u0430\u043d\u043a\u0430 \u043f\u0435\u043d\u0437\u0438\u043e\u043d\u0435\u0440\u0430 \u0438\u043d\u0432\u0430\u043b\u0438\u0434\u0430 \u0438 \u0441\u043e\u0446\u0438\u0458\u0430\u043b\u043d\u0435 \u043f\u0440\u0430\u0432\u0434\u0435 \u0426\u0440\u043d\u0435 \u0413\u043e\u0440\u0435)\u201c.<\/p>\n<p>Predsjednik Komisije upoznao je \u010dlanove sa aktom broj 925. od 28.12.2020. godine kojim je Dr\u017eavna izborna komisija obavijestila Skup\u0161tinu Crne Gore da nije u mogu\u0107nosti da dostavi izvje\u0161taj o popuni poslani\u010dkog mandata iz razloga \u0161to predlog nije dobio potrebnu ve\u0107inu \u010dlanova Dr\u017eavne izborne komisije.<\/p>\n<p>Saglasno \u010dlanu 15 stav 3 Poslovnika o radu Dr\u017eavne izborne komisije a u vezi sa konstatacijom u zapisniku popune upra\u017enjenog poslani\u010dkog mjesta izja\u0161njavanjem \u010dlanova elektronskim putem, povodom akta Dr\u017eavne izborne komisije br. 925 od 28.12.2020 godine, \u010dlan Komisije Milisav \u0106ori\u0107 dostavio je sljede\u0107e izdvojeno mi\u0161ljenje:<\/p>\n<p>\u201eNedopustivo je i mimo ovla\u0161\u0107enja, nakon dobijanja uredno zavedenog, potpisanog i ope\u010da\u0107enog akta Skup\u0161tine Crne Gore, kojim se DIK obavje\u0161tava da je poslaniku\/ci sa odre\u0111ene izborne liste konstantovan prestanak mandata, te da je potrebno sprovesti postupak popune upra\u017enjenog poslani\u010dkog mjesta, da se \u010dlanovi Dr\u017eavne izborne komisije bave tuma\u010denjem da li je Skup\u0161tina u svom radu postupala u skladu sa poslovnikom koji donose poslanici u cilju ure\u0111enja na\u010dina svog rada.<br \/>\nNaime Zakon o izboru odbornika i poslanika je precizno uredio ovla\u0161\u0107enja i postupanje pojedinih organa u izbornom procesu, kao i nakon zavr\u0161etka izbora u slu\u010dajevima popune upra\u017enjenih poslani\u010dkih mjesta.<br \/>\nKada DIK dobije obavje\u0161tenje Skup\u0161tine da je konstantovan prestanak mandata poslanika sa odre\u0111ene izborne liste, ovla\u0161\u0107enja i obaveze DIK se odnose isklju\u010divo na postupak da utvrdi slede\u0107e:<\/p>\n<ul>\n<li>Da li je u pitanju pojedina\u010dna lista politi\u010dke partije ili grupe bira\u010da ili koaliciona izborna lista;<\/li>\n<li>Da li je u pitanju kandidat\/kinja manje zastupljenog pola;<\/li>\n<li>Da li se popuna vr\u0161i po redosledu sa izborne liste ili iz reda kandidata konstituenta izborne liste shodno koalicionom sporazumu;<\/li>\n<li>Da li je slede\u0107i kandidat potpisao izjavu o prihvatanju kandidature, odnosno ukoliko isti nije slede\u0107i po redosledu da li su kandidati koji se na listi nalaze prije njega dostavili izjavu da ne prihvataju kandidaturu;<\/li>\n<li>Eventualno ukoliko na izbornoj listi nema vi\u0161e kandidata da li popunu treba vr\u0161iti saglasno \u010dlanu 104 stav 6 Zakona.<\/li>\n<\/ul>\n<p>Nakon analize i sagledavanja ovih \u010dinjenica Komisija utvr\u0111uje koji kandidat ispunjava uslove da bude izabran za poslanika u Skup\u0161tini Crne Gore i sa\u010dinjava izvje\u0161taj koji dostavlja skup\u0161tini a nakon njegovog potvr\u0111ivanja izdaje uvjerenje izabranom poslaniku.<\/p>\n<p>Prema dostavljenoj dokumentaciji dana 28.12.2020 godine bili su ispunjeni svi uslovi za verifikaciju mandata kandidatkinji Suadi Zoronji\u0107 sa izborne liste &#8220;Crno na bijelo&#8221; te su po mom mi\u0161ljenju \u010dlanovi DIK koji su glasali protiv verifikacije postupili suprotno Zakonu i prekora\u010dili i zloupotrijebili ovla\u0161\u0107enja koja im Zakon omogu\u0107ava.\u201c<\/p>\n<p>\u010clanovi Komisije Vladimir \u010ca\u0111enovi\u0107 i Ko\u010da \u0110uri\u0161i\u0107 izdvojili su mi\u0161ljenje po ovoj ta\u010dki dnevnog reda nagla\u0161avaju\u0107i da je predsjednik Dr\u017eavne izborne komisije postupio suprotno Ustavu Crne Gore i Zakonu o izboru odbornika i poslanika kada je Skup\u0161tini Crne Gore 28.12.2020. godine uputio akt br. 925.<\/p>\n<p>Mi\u0161ljenje je izdvojio i \u010dlan Komisije Zoran Vuji\u0107i\u0107 navode\u0107i da je akt br. 925 od 28.12.2020.godine u suprotnosti sa \u010dlanom 32 stav 13. i 14. Zakona o izboru odbornika i poslanika\u00a0 kao i \u010dlanom 104 istog zakona i da kao takav nije trebao da bude poslat Skup\u0161tini Crne Gore.<\/p>\n","protected":false},"excerpt":{"rendered":"Ad \u2013 1 Komisija se nije izja\u0161njavala o zapisniku sa 151. sjednice Komisije budu\u0107i da se radi o posljednjoj sjednici prethodnog saziva. Komisija je konstatovala da je zapisnik dat na uvid, a \u010dlanovi koji su prisustvovali prethodnoj sjednici saglasili su se da zapisnik odra\u017eava tok sjednice. Ad \u2013 2 Komisija je dala mi\u0161ljenje po zahtjevu&#8230; <a href=\"https:\/\/dikcg.me\/wpold\/zapisnik-sa-1-sjednice\/\">Read more <i class=\"fas fa-angle-right\"><\/i><\/a>","protected":false},"author":56,"featured_media":0,"comment_status":"closed","ping_status":"closed","sticky":false,"template":"","format":"standard","meta":{"footnotes":""},"categories":[18],"tags":[247],"_links":{"self":[{"href":"https:\/\/dikcg.me\/wpold\/wp-json\/wp\/v2\/posts\/5952"}],"collection":[{"href":"https:\/\/dikcg.me\/wpold\/wp-json\/wp\/v2\/posts"}],"about":[{"href":"https:\/\/dikcg.me\/wpold\/wp-json\/wp\/v2\/types\/post"}],"author":[{"embeddable":true,"href":"https:\/\/dikcg.me\/wpold\/wp-json\/wp\/v2\/users\/56"}],"replies":[{"embeddable":true,"href":"https:\/\/dikcg.me\/wpold\/wp-json\/wp\/v2\/comments?post=5952"}],"version-history":[{"count":1,"href":"https:\/\/dikcg.me\/wpold\/wp-json\/wp\/v2\/posts\/5952\/revisions"}],"predecessor-version":[{"id":5955,"href":"https:\/\/dikcg.me\/wpold\/wp-json\/wp\/v2\/posts\/5952\/revisions\/5955"}],"wp:attachment":[{"href":"https:\/\/dikcg.me\/wpold\/wp-json\/wp\/v2\/media?parent=5952"}],"wp:term":[{"taxonomy":"category","embeddable":true,"href":"https:\/\/dikcg.me\/wpold\/wp-json\/wp\/v2\/categories?post=5952"},{"taxonomy":"post_tag","embeddable":true,"href":"https:\/\/dikcg.me\/wpold\/wp-json\/wp\/v2\/tags?post=5952"}],"curies":[{"name":"wp","href":"https:\/\/api.w.org\/{rel}","templated":true}]}}