{"id":5715,"date":"2020-09-11T16:51:37","date_gmt":"2020-09-11T15:51:37","guid":{"rendered":"https:\/\/dikcg.me\/wpold\/?p=5715"},"modified":"2021-12-17T09:57:49","modified_gmt":"2021-12-17T08:57:49","slug":"rjesenje-na-prigovor-izborne-liste-ura-kotor-patriotski-i-gradanski-crno-na-bijelo-2","status":"publish","type":"post","link":"https:\/\/dikcg.me\/wpold\/rjesenje-na-prigovor-izborne-liste-ura-kotor-patriotski-i-gradanski-crno-na-bijelo-2\/","title":{"rendered":"Rje\u0161enje na Prigovor izborne liste URA KOTOR \u201ePATRIOTSKI I GRA\u0110ANSKI \u2013 CRNO NA BIJELO\u201c"},"content":{"rendered":"<p>Na osnovu \u010dlana 109 Zakona o izboru odbornika i poslanika (&#8220;Slu\u017ebeni list RCG&#8221;, br. 4\/98, 5\/98, 17\/98, 14\/00, 18\/00, 9\/01, 41\/02, 46\/02, 45\/04, 48\/06, 56\/06 i \u201cSlu\u017ebeni list CG\u201d, broj 46\/11, 14\/14, 47\/14,12\/16, 60\/17 i 10\/18), Dr\u017eavna izborna komisija, odlu\u010duju\u0107i o Prigovoru podnijetom u 14:17 od strane Ljiljane Popovi\u0107 Mo\u0161kov u ime izborne liste URA KOTOR \u201ePATRIOTSKI I GRA\u0110ANSKI \u2013 CRNO NA BIJELO\u201c broj 749 od 10.09.2020.godine, izjavljenom na Izvje\u0161taj o rezultatima izbora za odbornike u Skup\u0161tini op\u0161tine Kotor Op\u0161tinske izborne komisije br. 02-22\/20-177 od 9.09.2020.godine u odnosu na stav III Izvje\u0161taja koji se odnosi na raspodjelu mandata, na sjednici odr\u017eanoj 10.09.2020. godine u 14 sati, donijela je<\/p>\n<p style=\"text-align: center;\"><a href=\"https:\/\/dikcg.me\/wpold\/wp-content\/uploads\/2020\/09\/Rje\u0161enje-URA-Kotor-10.09..pdf\"><strong>R J E \u0160 E NJ E<\/strong><\/a><\/p>\n<p><strong>I Usvaja se<\/strong> Prigovor izborne liste URA KOTOR \u201ePATRIOTSKI I GRA\u0110ANSKI \u2013 CRNO NA BIJELO\u201c broj 749 od 10.09.2020.godine, izjavljen na Izvje\u0161taj o rezultatima izbora za odbornike u Skup\u0161tini op\u0161tine Kotor Op\u0161tinske izborne komisije br. 02-22\/20-177 od 9.09.2020.godine u odnosu na stav III Izvje\u0161taja koji se odnosi na raspodjelu mandata.<\/p>\n<p><strong>II Nala\u017ee se<\/strong> Op\u0161tinskoj izbornoj komisiji Kotor da sa\u010dini Izvje\u0161taj o rezultatima glasanja za odbornike u Skup\u0161tini op\u0161tine Kotor i izvr\u0161i raspodjelu mandata u skladu sa \u010dl. 94 i 95 Zakona o izboru odbornika i poslanika.<\/p>\n","protected":false},"excerpt":{"rendered":"Na osnovu \u010dlana 109 Zakona o izboru odbornika i poslanika (&#8220;Slu\u017ebeni list RCG&#8221;, br. 4\/98, 5\/98, 17\/98, 14\/00, 18\/00, 9\/01, 41\/02, 46\/02, 45\/04, 48\/06, 56\/06 i \u201cSlu\u017ebeni list CG\u201d, broj 46\/11, 14\/14, 47\/14,12\/16, 60\/17 i 10\/18), Dr\u017eavna izborna komisija, odlu\u010duju\u0107i o Prigovoru podnijetom u 14:17 od strane Ljiljane Popovi\u0107 Mo\u0161kov u ime izborne liste URA&#8230; <a href=\"https:\/\/dikcg.me\/wpold\/rjesenje-na-prigovor-izborne-liste-ura-kotor-patriotski-i-gradanski-crno-na-bijelo-2\/\">Read more <i class=\"fas fa-angle-right\"><\/i><\/a>","protected":false},"author":56,"featured_media":0,"comment_status":"closed","ping_status":"closed","sticky":false,"template":"","format":"standard","meta":{"footnotes":""},"categories":[17],"tags":[242],"_links":{"self":[{"href":"https:\/\/dikcg.me\/wpold\/wp-json\/wp\/v2\/posts\/5715"}],"collection":[{"href":"https:\/\/dikcg.me\/wpold\/wp-json\/wp\/v2\/posts"}],"about":[{"href":"https:\/\/dikcg.me\/wpold\/wp-json\/wp\/v2\/types\/post"}],"author":[{"embeddable":true,"href":"https:\/\/dikcg.me\/wpold\/wp-json\/wp\/v2\/users\/56"}],"replies":[{"embeddable":true,"href":"https:\/\/dikcg.me\/wpold\/wp-json\/wp\/v2\/comments?post=5715"}],"version-history":[{"count":1,"href":"https:\/\/dikcg.me\/wpold\/wp-json\/wp\/v2\/posts\/5715\/revisions"}],"predecessor-version":[{"id":5716,"href":"https:\/\/dikcg.me\/wpold\/wp-json\/wp\/v2\/posts\/5715\/revisions\/5716"}],"wp:attachment":[{"href":"https:\/\/dikcg.me\/wpold\/wp-json\/wp\/v2\/media?parent=5715"}],"wp:term":[{"taxonomy":"category","embeddable":true,"href":"https:\/\/dikcg.me\/wpold\/wp-json\/wp\/v2\/categories?post=5715"},{"taxonomy":"post_tag","embeddable":true,"href":"https:\/\/dikcg.me\/wpold\/wp-json\/wp\/v2\/tags?post=5715"}],"curies":[{"name":"wp","href":"https:\/\/api.w.org\/{rel}","templated":true}]}}