{"id":5709,"date":"2020-09-12T11:33:18","date_gmt":"2020-09-12T10:33:18","guid":{"rendered":"https:\/\/dikcg.me\/wpold\/?p=5709"},"modified":"2022-06-27T08:41:15","modified_gmt":"2022-06-27T07:41:15","slug":"zapisnik-sa-147-sjednice","status":"publish","type":"post","link":"https:\/\/dikcg.me\/wpold\/zapisnik-sa-147-sjednice\/","title":{"rendered":"Zapisnik sa 147. sjednice"},"content":{"rendered":"<p><strong><u>Ad \u2013 1<\/u><\/strong> Komisija je jednoglasno usvojila zapisnik sa 146. sjednice.<\/p>\n<p><strong><u>Ad \u2013 2<\/u><\/strong> Komisija je nakon razmatranja ve\u0107inom glasova Rje\u0161enjem usvojila Prigovor br. 743 koji je podnio Dejan Vuk\u0161i\u0107 u ime koalicije \u201eZA BUDU\u0106NOST KOTORA\u201c na Izvje\u0161taj o rezultatima izbora za odbornike u SO Kotor broj 02-22\/20-177 od 9.09.2020. godine i na Zapisnik Op\u0161tinske izborne komisije Kotor, broj 02-22\/20-180 od 9.09.2020. <a href=\"https:\/\/dikcg.me\/wpold\/wp-content\/uploads\/2020\/09\/RJE%C5%A0ENJE-ZA-BUDU%C4%8CNOST-KOTORA-10.09.2020.pdf\">Rje\u0161enje<\/a> je objavljeno na web stranici Komisije.<\/p>\n<p><strong><u>Ad \u2013 3<\/u><\/strong> Komisija je nakon razmatranja ve\u0107inom glasova Rje\u0161enjem usvojila Prigovor br. 744 koji je podnio Vladimir Joki\u0107 u ime koalicije \u201eVLADIMIR JOKI\u0106-\u201eKOTOR JE NA\u0160A NACIJA\u201c-DEMOKRATE-DEMOKRATSKA CRNA GORA\u201c na Izvje\u0161taj o rezultatima izbora za odbornike u SO Kotor broj 02-22\/20-177 od 9.09.2020. godine i na Zapisnik Op\u0161tinske izborne komisije Kotor, broj 02-22\/20-180 od 9.09.2020. <a href=\"https:\/\/dikcg.me\/wpold\/wp-content\/uploads\/2020\/09\/Rje%C5%A1enje-Demokrate-kotor-10.09..pdf\">Rje\u0161enje<\/a> je objavljeno na web stranici Komisije.<\/p>\n<p><strong><span style=\"text-decoration: underline;\">Ad \u2013 4<\/span><\/strong> Komisija je nakon razmatranja ve\u0107inom glasova Rje\u0161enjem usvojila Prigovor br. 749 koji je podnijela URA KOTOR \u201ePATRIOTSKI I GRA\u0110ANSKI-CRNO NA BIJELO\u201c u odnosu na stav III Izvje\u0161taja o rezultatima izbora za odbornike u SO Kotor broj 02-22\/20-177 od 9.09.2020. godine. <a href=\"https:\/\/dikcg.me\/wpold\/wp-content\/uploads\/2020\/09\/Rje%C5%A1enje-URA-Kotor-10.09..pdf\">Rje\u0161enje<\/a> je objavljeno na web stranici Komisije.<\/p>\n","protected":false},"excerpt":{"rendered":"Ad \u2013 1 Komisija je jednoglasno usvojila zapisnik sa 146. sjednice. Ad \u2013 2 Komisija je nakon razmatranja ve\u0107inom glasova Rje\u0161enjem usvojila Prigovor br. 743 koji je podnio Dejan Vuk\u0161i\u0107 u ime koalicije \u201eZA BUDU\u0106NOST KOTORA\u201c na Izvje\u0161taj o rezultatima izbora za odbornike u SO Kotor broj 02-22\/20-177 od 9.09.2020. godine i na Zapisnik Op\u0161tinske&#8230; <a href=\"https:\/\/dikcg.me\/wpold\/zapisnik-sa-147-sjednice\/\">Read more <i class=\"fas fa-angle-right\"><\/i><\/a>","protected":false},"author":56,"featured_media":0,"comment_status":"closed","ping_status":"closed","sticky":false,"template":"","format":"standard","meta":{"footnotes":""},"categories":[18],"tags":[247],"_links":{"self":[{"href":"https:\/\/dikcg.me\/wpold\/wp-json\/wp\/v2\/posts\/5709"}],"collection":[{"href":"https:\/\/dikcg.me\/wpold\/wp-json\/wp\/v2\/posts"}],"about":[{"href":"https:\/\/dikcg.me\/wpold\/wp-json\/wp\/v2\/types\/post"}],"author":[{"embeddable":true,"href":"https:\/\/dikcg.me\/wpold\/wp-json\/wp\/v2\/users\/56"}],"replies":[{"embeddable":true,"href":"https:\/\/dikcg.me\/wpold\/wp-json\/wp\/v2\/comments?post=5709"}],"version-history":[{"count":4,"href":"https:\/\/dikcg.me\/wpold\/wp-json\/wp\/v2\/posts\/5709\/revisions"}],"predecessor-version":[{"id":5724,"href":"https:\/\/dikcg.me\/wpold\/wp-json\/wp\/v2\/posts\/5709\/revisions\/5724"}],"wp:attachment":[{"href":"https:\/\/dikcg.me\/wpold\/wp-json\/wp\/v2\/media?parent=5709"}],"wp:term":[{"taxonomy":"category","embeddable":true,"href":"https:\/\/dikcg.me\/wpold\/wp-json\/wp\/v2\/categories?post=5709"},{"taxonomy":"post_tag","embeddable":true,"href":"https:\/\/dikcg.me\/wpold\/wp-json\/wp\/v2\/tags?post=5709"}],"curies":[{"name":"wp","href":"https:\/\/api.w.org\/{rel}","templated":true}]}}