{"id":5699,"date":"2020-09-11T16:00:41","date_gmt":"2020-09-11T15:00:41","guid":{"rendered":"https:\/\/dikcg.me\/wpold\/?p=5699"},"modified":"2021-12-16T18:39:28","modified_gmt":"2021-12-16T17:39:28","slug":"rjesenje-na-prigovor-izborne-liste-vladimir-jokic-kotor-je-nasa-nacija-demokrate-demokratska-crna-gora","status":"publish","type":"post","link":"https:\/\/dikcg.me\/wpold\/rjesenje-na-prigovor-izborne-liste-vladimir-jokic-kotor-je-nasa-nacija-demokrate-demokratska-crna-gora\/","title":{"rendered":"Rje\u0161enje na Prigovor izborne liste \u201eVladimir Joki\u0107-\u201eKotor je na\u0161a nacija\u201c &#8211; Demokrate &#8211; Demokratska Crna Gora\u201c"},"content":{"rendered":"<p>Na osnovu \u010dlana 109 Zakona o izboru odbornika i poslanika (&#8220;Slu\u017ebeni list RCG&#8221;, br. 4\/98, 5\/98, 17\/98, 14\/00, 18\/00, 9\/01, 41\/02, 46\/02, 45\/04, 48\/06, 56\/06 i \u201cSlu\u017ebeni list CG\u201d, broj 46\/11, 14\/14, 47\/14,12\/16, 60\/17 i 10\/18), Dr\u017eavna izborna komisija, odlu\u010duju\u0107i o Prigovoru podnijetom u 22:31 od strane Vladimira Joki\u0107a u ime izborne liste \u201eVladimir Joki\u0107-\u201eKotor je na\u0161a nacija\u201c-Demokrate-Demokratska Crna Gora\u201c broj 744 od 9.09.2020.godine, izjavljenom na Izvje\u0161taj o rezultatima izbora za odbornike u Skup\u0161tini op\u0161tine Kotor Op\u0161tinske izborne komisije br. 02-22\/20-177 od 9.09.2020.godine i na Zapisnik Op\u0161tinske izborne komisije Kotor, broj 02-22\/20-180 od 9.09.2020, na sjednici odr\u017eanoj 10.09.2020. godine u 14 sati, donijela je<\/p>\n<p style=\"text-align: center;\"><a href=\"https:\/\/dikcg.me\/wpold\/wp-content\/uploads\/2020\/09\/Rje\u0161enje-Demokrate-kotor-10.09..pdf\"><strong>R J E \u0160 E NJ E<\/strong><\/a><\/p>\n<p><strong>I Usvaja se<\/strong> Prigovor izborne liste \u201eVladimir Joki\u0107- \u201eKotor je na\u0161a nacija\u201c-Demokrate-Demokratska Crna Gora broj 744 od 9.09.2020.godine, izjavljen na Izvje\u0161taj o rezultatima izbora za odbornike u Skup\u0161tini op\u0161tine Kotor Op\u0161tinske izborne komisije br. 02-22\/20-177 od 9.09.2020.godine i na Zapisnik Op\u0161tinske izborne komisije Kotor, broj 02-22\/20-180 od 9.09.2020.<\/p>\n<p><strong>II Nala\u017ee se<\/strong> Op\u0161tinskoj izbornoj komisiji Kotor da sa\u010dini Izvje\u0161taj o rezultatima glasanja za odbornike u Skup\u0161tini op\u0161tine Kotor i izvr\u0161i raspodjelu mandata u skladu sa \u010dl. 94 i 95 Zakona o izboru odbornika i poslanika.<\/p>\n","protected":false},"excerpt":{"rendered":"Na osnovu \u010dlana 109 Zakona o izboru odbornika i poslanika (&#8220;Slu\u017ebeni list RCG&#8221;, br. 4\/98, 5\/98, 17\/98, 14\/00, 18\/00, 9\/01, 41\/02, 46\/02, 45\/04, 48\/06, 56\/06 i \u201cSlu\u017ebeni list CG\u201d, broj 46\/11, 14\/14, 47\/14,12\/16, 60\/17 i 10\/18), Dr\u017eavna izborna komisija, odlu\u010duju\u0107i o Prigovoru podnijetom u 22:31 od strane Vladimira Joki\u0107a u ime izborne liste \u201eVladimir Joki\u0107-\u201eKotor&#8230; <a href=\"https:\/\/dikcg.me\/wpold\/rjesenje-na-prigovor-izborne-liste-vladimir-jokic-kotor-je-nasa-nacija-demokrate-demokratska-crna-gora\/\">Read more <i class=\"fas fa-angle-right\"><\/i><\/a>","protected":false},"author":56,"featured_media":0,"comment_status":"closed","ping_status":"closed","sticky":false,"template":"","format":"standard","meta":{"footnotes":""},"categories":[17],"tags":[242],"_links":{"self":[{"href":"https:\/\/dikcg.me\/wpold\/wp-json\/wp\/v2\/posts\/5699"}],"collection":[{"href":"https:\/\/dikcg.me\/wpold\/wp-json\/wp\/v2\/posts"}],"about":[{"href":"https:\/\/dikcg.me\/wpold\/wp-json\/wp\/v2\/types\/post"}],"author":[{"embeddable":true,"href":"https:\/\/dikcg.me\/wpold\/wp-json\/wp\/v2\/users\/56"}],"replies":[{"embeddable":true,"href":"https:\/\/dikcg.me\/wpold\/wp-json\/wp\/v2\/comments?post=5699"}],"version-history":[{"count":1,"href":"https:\/\/dikcg.me\/wpold\/wp-json\/wp\/v2\/posts\/5699\/revisions"}],"predecessor-version":[{"id":5702,"href":"https:\/\/dikcg.me\/wpold\/wp-json\/wp\/v2\/posts\/5699\/revisions\/5702"}],"wp:attachment":[{"href":"https:\/\/dikcg.me\/wpold\/wp-json\/wp\/v2\/media?parent=5699"}],"wp:term":[{"taxonomy":"category","embeddable":true,"href":"https:\/\/dikcg.me\/wpold\/wp-json\/wp\/v2\/categories?post=5699"},{"taxonomy":"post_tag","embeddable":true,"href":"https:\/\/dikcg.me\/wpold\/wp-json\/wp\/v2\/tags?post=5699"}],"curies":[{"name":"wp","href":"https:\/\/api.w.org\/{rel}","templated":true}]}}