{"id":5663,"date":"2020-09-10T18:55:48","date_gmt":"2020-09-10T17:55:48","guid":{"rendered":"https:\/\/dikcg.me\/wpold\/?p=5663"},"modified":"2021-12-17T09:57:39","modified_gmt":"2021-12-17T08:57:39","slug":"rjesenje-na-prigovor-koalicije-za-buducnost-kotora","status":"publish","type":"post","link":"https:\/\/dikcg.me\/wpold\/rjesenje-na-prigovor-koalicije-za-buducnost-kotora\/","title":{"rendered":"Rje\u0161enje na Prigovor koalicije &#8220;Za budu\u0107nost Kotora&#8221;"},"content":{"rendered":"<p>Na osnovu \u010dlana 109 Zakona o izboru odbornika i poslanika (&#8220;Slu\u017ebeni list RCG&#8221;, br. 4\/98, 5\/98, 17\/98, 14\/00, 18\/00, 9\/01, 41\/02, 46\/02, 45\/04, 48\/06, 56\/06 i \u201cSlu\u017ebeni list CG\u201d, broj 46\/11, 14\/14, 47\/14, 12\/16, 60\/17 i 10\/18), Dr\u017eavna izborna komisija, odlu\u010duju\u0107i o Prigovoru podnosioca izborne liste Koalicija \u201eZA BUDU\u0106NOST KOTORA\u201c Dejana Vuk\u0161i\u0107a broj 743 od 9.09.2020. godine, dostavljenom Dr\u017eavnoj izbornoj komisiji u 17:16 sati i Dopuni prigovora od 10.09.2020.godine dostavljenom u 11:29 sati, na Izvje\u0161taj o rezultatima izbora za odbornike u Skup\u0161tini op\u0161tine Kotor broj 02-22\/20-177 od 9.09.2020.godine i Zapisnik OIK Kotor broj 02-22\/20-180 od 9.09.2020.godine,\u00a0 na sjednici odr\u017eanoj 9. septembra 2020. godine u 14:00 sati, donijela je<\/p>\n<p style=\"text-align: center;\"><a href=\"https:\/\/dikcg.me\/wpold\/wp-content\/uploads\/2020\/09\/RJE\u0160ENJE-ZA-BUDU\u010cNOST-KOTORA-10.09.2020.pdf\"><strong>R J E \u0160 E NJ E<\/strong><\/a><\/p>\n<p><strong>I\u00a0 Usvaja se <\/strong>Prigovor podnosioca izborne liste Koalicija \u201eZA BUDU\u0106NOST KOTORA\u201c Dejana Vuk\u0161i\u0107a broj 743 od 9.09.2020.godine.<\/p>\n<p><strong>II Nala\u017ee se<\/strong> Op\u0161tinskoj izbornoj komisiji Kotor da sa\u010dini Izvje\u0161taj o rezultatima glasanja za odbornike u Skup\u0161tini op\u0161tine Kotor i izvr\u0161i raspodjelu mandata u skladu sa \u010dl. 94 i 95 Zakona o izboru odbornika i poslanika.<\/p>\n","protected":false},"excerpt":{"rendered":"Na osnovu \u010dlana 109 Zakona o izboru odbornika i poslanika (&#8220;Slu\u017ebeni list RCG&#8221;, br. 4\/98, 5\/98, 17\/98, 14\/00, 18\/00, 9\/01, 41\/02, 46\/02, 45\/04, 48\/06, 56\/06 i \u201cSlu\u017ebeni list CG\u201d, broj 46\/11, 14\/14, 47\/14, 12\/16, 60\/17 i 10\/18), Dr\u017eavna izborna komisija, odlu\u010duju\u0107i o Prigovoru podnosioca izborne liste Koalicija \u201eZA BUDU\u0106NOST KOTORA\u201c Dejana Vuk\u0161i\u0107a broj 743 od&#8230; <a href=\"https:\/\/dikcg.me\/wpold\/rjesenje-na-prigovor-koalicije-za-buducnost-kotora\/\">Read more <i class=\"fas fa-angle-right\"><\/i><\/a>","protected":false},"author":56,"featured_media":0,"comment_status":"closed","ping_status":"closed","sticky":false,"template":"","format":"standard","meta":{"footnotes":""},"categories":[17],"tags":[242],"_links":{"self":[{"href":"https:\/\/dikcg.me\/wpold\/wp-json\/wp\/v2\/posts\/5663"}],"collection":[{"href":"https:\/\/dikcg.me\/wpold\/wp-json\/wp\/v2\/posts"}],"about":[{"href":"https:\/\/dikcg.me\/wpold\/wp-json\/wp\/v2\/types\/post"}],"author":[{"embeddable":true,"href":"https:\/\/dikcg.me\/wpold\/wp-json\/wp\/v2\/users\/56"}],"replies":[{"embeddable":true,"href":"https:\/\/dikcg.me\/wpold\/wp-json\/wp\/v2\/comments?post=5663"}],"version-history":[{"count":1,"href":"https:\/\/dikcg.me\/wpold\/wp-json\/wp\/v2\/posts\/5663\/revisions"}],"predecessor-version":[{"id":5666,"href":"https:\/\/dikcg.me\/wpold\/wp-json\/wp\/v2\/posts\/5663\/revisions\/5666"}],"wp:attachment":[{"href":"https:\/\/dikcg.me\/wpold\/wp-json\/wp\/v2\/media?parent=5663"}],"wp:term":[{"taxonomy":"category","embeddable":true,"href":"https:\/\/dikcg.me\/wpold\/wp-json\/wp\/v2\/categories?post=5663"},{"taxonomy":"post_tag","embeddable":true,"href":"https:\/\/dikcg.me\/wpold\/wp-json\/wp\/v2\/tags?post=5663"}],"curies":[{"name":"wp","href":"https:\/\/api.w.org\/{rel}","templated":true}]}}