{"id":5606,"date":"2020-09-10T13:47:54","date_gmt":"2020-09-10T12:47:54","guid":{"rendered":"https:\/\/dikcg.me\/wpold\/?p=5606"},"modified":"2021-12-17T10:01:14","modified_gmt":"2021-12-17T09:01:14","slug":"rjesenje-na-prigovor-emilije-krivokapic","status":"publish","type":"post","link":"https:\/\/dikcg.me\/wpold\/rjesenje-na-prigovor-emilije-krivokapic\/","title":{"rendered":"Rje\u0161enje na Prigovor Emilije Krivokapi\u0107"},"content":{"rendered":"<p>Na osnovu \u010dlana 109 Zakona o izboru odbornika i poslanika (&#8220;Slu\u017ebeni list RCG&#8221;, br. 4\/98, 5\/98, 17\/98, 14\/00, 18\/00, 9\/01, 41\/02, 46\/02, 45\/04, 48\/06, 56\/06 i \u201cSlu\u017ebeni list CG\u201d, broj 46\/11, 14\/14, 47\/14,12\/16, 60\/17 i 10\/18), Dr\u017eavna izborna komisija, odlu\u010duju\u0107i o Prigovoru Emilije Krivokapi\u0107 koji je u njeno ime podnijela Sabina Samard\u017ei\u0107 u 11:37 sati, broj 734 od 8.09.2020.godine, izjavljenom na Rje\u0161enje OIK Herceg Novi broj OIK-137\/20 od 3.09.2020.godine, na sjednici odr\u017eanoj 9.09.2020. godine u 10 sati, donijela je<\/p>\n<p style=\"text-align: center;\"><a href=\"https:\/\/dikcg.me\/wpold\/wp-content\/uploads\/2020\/09\/Rjesenje-Emilija-Krivokapic.pdf\"><strong>R J E \u0160 E NJ E<\/strong><\/a><\/p>\n<p><strong>Odbija se<\/strong> Prigovor Emilije Krivokapi\u0107 koji je u njeno ime podnijela Sabina Samard\u017ei\u0107, izjavljen na Rje\u0161enje OIK Herceg Novi broj OIK-137\/20 od 3.09.2020.godine, kao <strong>neosnovan.<\/strong><\/p>\n","protected":false},"excerpt":{"rendered":"Na osnovu \u010dlana 109 Zakona o izboru odbornika i poslanika (&#8220;Slu\u017ebeni list RCG&#8221;, br. 4\/98, 5\/98, 17\/98, 14\/00, 18\/00, 9\/01, 41\/02, 46\/02, 45\/04, 48\/06, 56\/06 i \u201cSlu\u017ebeni list CG\u201d, broj 46\/11, 14\/14, 47\/14,12\/16, 60\/17 i 10\/18), Dr\u017eavna izborna komisija, odlu\u010duju\u0107i o Prigovoru Emilije Krivokapi\u0107 koji je u njeno ime podnijela Sabina Samard\u017ei\u0107 u 11:37 sati,&#8230; <a href=\"https:\/\/dikcg.me\/wpold\/rjesenje-na-prigovor-emilije-krivokapic\/\">Read more <i class=\"fas fa-angle-right\"><\/i><\/a>","protected":false},"author":56,"featured_media":0,"comment_status":"closed","ping_status":"closed","sticky":false,"template":"","format":"standard","meta":{"footnotes":""},"categories":[17],"tags":[242],"_links":{"self":[{"href":"https:\/\/dikcg.me\/wpold\/wp-json\/wp\/v2\/posts\/5606"}],"collection":[{"href":"https:\/\/dikcg.me\/wpold\/wp-json\/wp\/v2\/posts"}],"about":[{"href":"https:\/\/dikcg.me\/wpold\/wp-json\/wp\/v2\/types\/post"}],"author":[{"embeddable":true,"href":"https:\/\/dikcg.me\/wpold\/wp-json\/wp\/v2\/users\/56"}],"replies":[{"embeddable":true,"href":"https:\/\/dikcg.me\/wpold\/wp-json\/wp\/v2\/comments?post=5606"}],"version-history":[{"count":1,"href":"https:\/\/dikcg.me\/wpold\/wp-json\/wp\/v2\/posts\/5606\/revisions"}],"predecessor-version":[{"id":5609,"href":"https:\/\/dikcg.me\/wpold\/wp-json\/wp\/v2\/posts\/5606\/revisions\/5609"}],"wp:attachment":[{"href":"https:\/\/dikcg.me\/wpold\/wp-json\/wp\/v2\/media?parent=5606"}],"wp:term":[{"taxonomy":"category","embeddable":true,"href":"https:\/\/dikcg.me\/wpold\/wp-json\/wp\/v2\/categories?post=5606"},{"taxonomy":"post_tag","embeddable":true,"href":"https:\/\/dikcg.me\/wpold\/wp-json\/wp\/v2\/tags?post=5606"}],"curies":[{"name":"wp","href":"https:\/\/api.w.org\/{rel}","templated":true}]}}